[{"@context":"https:\/\/schema.org\/","@type":"Article","@id":"https:\/\/www.amal.cz\/vonava-domacnost\/#Article","mainEntityOfPage":"https:\/\/www.amal.cz\/vonava-domacnost\/","headline":"Vo\u0148av\u00e1 dom\u00e1cnost","name":"Vo\u0148av\u00e1 dom\u00e1cnost","description":"Interi\u00e9rov\u00e9 v\u016fn\u011b, kter\u00e9 jsou v bydlen\u00ed vhodn\u011b zvolen\u00e9, mohou ovliv\u0148ovat jak na\u0161i n\u00e1ladu, tak i pracovn\u00ed v\u00fdkony. Parf\u00e9my v interi\u00e9ru jsou obl\u00edben\u00fdm prost\u0159edkem, jak si zp\u0159\u00edjemnit atmosf\u00e9ru u n\u00e1s doma. Ka\u017ed\u00fd z n\u00e1s v\u0161ak vn\u00edm\u00e1 r\u016fzn\u00e9 v\u016fn\u011b jinak, a proto je vhodn\u00e9 volit jemn\u011bj\u0161\u00ed v\u016fn\u011b do interi\u00e9ru. V dom\u00e1cnosti se interi\u00e9rov\u00e9 v\u016fn\u011b pou\u017e\u00edvaj\u00ed pro zp\u0159\u00edjemn\u011bn\u00ed [&hellip;]","datePublished":"2025-02-28","dateModified":"2023-04-30","author":{"@type":"Person","@id":"https:\/\/www.amal.cz\/author\/#Person","name":"","url":"https:\/\/www.amal.cz\/author\/","identifier":1,"image":{"@type":"ImageObject","@id":"https:\/\/secure.gravatar.com\/avatar\/4bf629230dc34158290ba5b10491f45b3bfbba94b88af3386c3da2fed730f430?s=96&d=mm&r=g","url":"https:\/\/secure.gravatar.com\/avatar\/4bf629230dc34158290ba5b10491f45b3bfbba94b88af3386c3da2fed730f430?s=96&d=mm&r=g","height":96,"width":96}},"publisher":{"@type":"Organization","name":"amal.cz","logo":{"@type":"ImageObject","@id":"\/logo.png","url":"\/logo.png","width":600,"height":60}},"image":{"@type":"ImageObject","@id":"https:\/\/www.amal.cz\/wp-content\/uploads\/img_a296113_w1903_t1507359795.jpg","url":"https:\/\/www.amal.cz\/wp-content\/uploads\/img_a296113_w1903_t1507359795.jpg","height":0,"width":0},"url":"https:\/\/www.amal.cz\/vonava-domacnost\/","wordCount":503,"articleBody":"Interi\u00e9rov\u00e9 v\u016fn\u011b, kter\u00e9 jsou v bydlen\u00ed vhodn\u011b zvolen\u00e9, mohou ovliv\u0148ovat jak na\u0161i n\u00e1ladu, tak i pracovn\u00ed v\u00fdkony. Parf\u00e9my v interi\u00e9ru jsou obl\u00edben\u00fdm prost\u0159edkem, jak si zp\u0159\u00edjemnit atmosf\u00e9ru u n\u00e1s doma. Ka\u017ed\u00fd z n\u00e1s v\u0161ak vn\u00edm\u00e1 r\u016fzn\u00e9 v\u016fn\u011b jinak, a proto je vhodn\u00e9 volit jemn\u011bj\u0161\u00ed v\u016fn\u011b do interi\u00e9ru. V dom\u00e1cnosti se interi\u00e9rov\u00e9 v\u016fn\u011b pou\u017e\u00edvaj\u00ed pro zp\u0159\u00edjemn\u011bn\u00ed atmosf\u00e9ry, n\u00e1lady, navozen\u00ed vzpom\u00ednek, nebo jednodu\u0161e pro zlep\u0161en\u00ed celkov\u00e9ho pocitu z prost\u0159ed\u00ed, ve kter\u00e9m zrovna pob\u00fdv\u00e1me.\tVyb\u00edr\u00e1me v\u016fniVn\u00edm\u00e1n\u00ed v\u016fn\u00ed v\u00fdrazn\u011b ovliv\u0148uje \u010dinnost lidsk\u00e9ho mozku, je v\u0161ak pot\u0159eba vyb\u00edrat interi\u00e9rov\u00e9 v\u016fn\u011b s rozmyslem. Pokud zvol\u00edme v\u016fni do na\u0161eho bydlen\u00ed pro n\u00e1s nevhodnou, m\u016f\u017ee n\u00e1m zp\u016fsobit bolesti hlavy. Spr\u00e1vn\u00fd bytov\u00fd parf\u00e9m by m\u011bl b\u00fdt p\u0159edev\u0161\u00edm:o\u00a0\u00a0 nen\u00e1siln\u00fdo\u00a0\u00a0 dlouhodob\u011b p\u0159\u00edjemn\u00fdo\u00a0\u00a0 pod\u00e1v\u00e1n ve spr\u00e1vn\u00e9m mno\u017estv\u00edB\u011bhem v\u00fdb\u011bru interi\u00e9rov\u00e9ho parf\u00e9mu bychom se m\u011bli \u0159\u00eddit n\u011bkolika faktory. Jedn\u00edm ze z\u00e1kladn\u00edch parametr\u016f pro v\u00fdb\u011br spr\u00e1vn\u00e9 v\u016fn\u011b do dom\u00e1c\u00edch prostor je ro\u010dn\u00ed obdob\u00ed, kdy si parf\u00e9m po\u0159izujeme. K \u0161\u00ed\u0159en\u00ed v\u016fn\u011b do prostoru dom\u00e1cnosti je mo\u017en\u00e9 vyu\u017e\u00edt nap\u0159\u00edklad:o\u00a0\u00a0 difuz\u00e9ro\u00a0\u00a0 aroma lampu o\u00a0\u00a0 katalytickou lampu\tJaro a v\u016fn\u011bV obdob\u00ed jara se doporu\u010duje pou\u017e\u00edvat v interi\u00e9rech v\u016fn\u011b, kter\u00e9 jsou lehk\u00e9, sv\u011b\u017e\u00ed, decentn\u00ed a kv\u011btinov\u00e9. Klasick\u00e9 parf\u00e9my, kter\u00e9 jsou vhodn\u00e9 pro jarn\u00ed m\u011bs\u00edce, obsahuj\u00ed v\u016fn\u011b nap\u0159\u00edklad:o\u00a0\u00a0 pivon\u011bko\u00a0\u00a0 fialeko\u00a0\u00a0 lilieo\u00a0\u00a0 levanduleo\u00a0\u00a0 p\u0159\u00edrodn\u00edch t\u00f3n\u016fo\u00a0\u00a0 citrusov\u00fdch plod\u016f\tLetn\u00ed interi\u00e9rov\u00e9 v\u016fn\u011bP\u0159\u00edjemn\u00e1 letn\u00ed v\u016fn\u011b by n\u00e1m m\u011bla v n\u00e1ro\u010dn\u00fdch letn\u00edch m\u011bs\u00edc\u00edch pomoci z\u00edskat zp\u011bt energii na dal\u0161\u00ed slunn\u00fd den. V l\u00e9t\u011b jsou proto vhodn\u00e9 interi\u00e9rov\u00e9 parf\u00e9my s minim\u00e1ln\u00edm obsahem ko\u0159en\u00ed a naopak s v\u00fdraznou slo\u017ekou ovocn\u00fdch v\u016fn\u00ed. K takov\u00fdm v\u016fn\u00edm pat\u0159\u00ed nap\u0159\u00edklad:o\u00a0\u00a0 melouno\u00a0\u00a0 t\u0159e\u0161e\u0148o\u00a0\u00a0 kokoso\u00a0\u00a0 letn\u00ed zeleninao\u00a0\u00a0 bylinkyo\u00a0\u00a0 okurkyo\u00a0\u00a0 m\u00e1tao\u00a0\u00a0 lesn\u00ed ovoceo\u00a0\u00a0 v\u016fn\u011b mo\u0159eo\u00a0\u00a0 horsk\u00fd v\u00e1neko\u00a0\u00a0 exotick\u00e9 v\u016fn\u011b\tPodzimn\u00ed tepl\u00e9 v\u016fn\u011bB\u011bhem podzimn\u00edho obdob\u00ed p\u0159ich\u00e1z\u00ed na \u0159adu t\u011b\u017e\u0161\u00ed a tak\u00e9 sladk\u00e9, ale i d\u0159evit\u00e9 v\u016fn\u011b. Tyto v\u016fn\u011b mohou b\u00fdt i s n\u00e1dechem orientu. Tyto parf\u00e9my b\u00fdvaj\u00ed s p\u0159\u00edm\u011bs\u00ed:o\u00a0\u00a0 kardamomuo\u00a0\u00a0 bergamotuo\u00a0\u00a0 jasm\u00ednuo\u00a0\u00a0 vanilkyo\u00a0\u00a0 zraj\u00edc\u00edho ovoceo\u00a0\u00a0 jablkao\u00a0\u00a0 \u0161vestkyo\u00a0\u00a0 ostru\u017eino\u00a0\u00a0 pomeran\u010deo\u00a0\u00a0 mandarinky                                                                                                                                                                                                                                                                                                                                                                                        4.2\/5 - (10 votes)        "},{"@context":"https:\/\/schema.org\/","@type":"BreadcrumbList","itemListElement":[{"@type":"ListItem","position":1,"name":"Vo\u0148av\u00e1 dom\u00e1cnost","item":"https:\/\/www.amal.cz\/vonava-domacnost\/#breadcrumbitem"}]}]