[{"@context":"https:\/\/schema.org\/","@type":"Article","@id":"https:\/\/www.amal.cz\/uklidte-si-dum-i-byt\/#Article","mainEntityOfPage":"https:\/\/www.amal.cz\/uklidte-si-dum-i-byt\/","headline":"Ukli\u010fte si d\u016fm i byt","name":"Ukli\u010fte si d\u016fm i byt","description":"V uklizen\u00e9m obydl\u00ed se ur\u010dit\u011b budete c\u00edtit dob\u0159e. N\u011bkdy je probl\u00e9m, abychom se k samotn\u00e9mu \u00faklidu tak\u0159\u00edkaj\u00edc dokopali. Pr\u016fb\u011bh ukl\u00edzen\u00ed v\u00e1m m\u016f\u017ee uleh\u010dit napl\u00e1nov\u00e1n\u00ed. Nebudete chaoticky poletovat po byt\u011b od jednoho k druh\u00e9mu. Systemati\u010dnost samotnou dobu \u00faklidu zkr\u00e1t\u00ed. Promyslete si jak velk\u00fd po\u0159\u00e1dek se chyst\u00e1te nastolit. S p\u0159ich\u00e1zej\u00edc\u00edm jarem v\u00e1s asi bude \u010dekat v\u011bt\u0161\u00ed jarn\u00ed [&hellip;]","datePublished":"2021-09-10","dateModified":"2023-04-30","author":{"@type":"Person","@id":"https:\/\/www.amal.cz\/author\/#Person","name":"","url":"https:\/\/www.amal.cz\/author\/","identifier":1,"image":{"@type":"ImageObject","@id":"https:\/\/secure.gravatar.com\/avatar\/4bf629230dc34158290ba5b10491f45b3bfbba94b88af3386c3da2fed730f430?s=96&d=mm&r=g","url":"https:\/\/secure.gravatar.com\/avatar\/4bf629230dc34158290ba5b10491f45b3bfbba94b88af3386c3da2fed730f430?s=96&d=mm&r=g","height":96,"width":96}},"publisher":{"@type":"Organization","name":"amal.cz","logo":{"@type":"ImageObject","@id":"\/logo.png","url":"\/logo.png","width":600,"height":60}},"image":{"@type":"ImageObject","@id":"https:\/\/www.amal.cz\/wp-content\/uploads\/clean-1346683_1920.jpg","url":"https:\/\/www.amal.cz\/wp-content\/uploads\/clean-1346683_1920.jpg","height":0,"width":0},"url":"https:\/\/www.amal.cz\/uklidte-si-dum-i-byt\/","about":["D\u016fm a byt"],"wordCount":391,"articleBody":"V uklizen\u00e9m obydl\u00ed se ur\u010dit\u011b budete c\u00edtit dob\u0159e. N\u011bkdy je probl\u00e9m, abychom se k samotn\u00e9mu \u00faklidu tak\u0159\u00edkaj\u00edc dokopali. Pr\u016fb\u011bh ukl\u00edzen\u00ed v\u00e1m m\u016f\u017ee uleh\u010dit napl\u00e1nov\u00e1n\u00ed. Nebudete chaoticky poletovat po byt\u011b od jednoho k druh\u00e9mu. Systemati\u010dnost samotnou dobu \u00faklidu zkr\u00e1t\u00ed. Promyslete si jak velk\u00fd po\u0159\u00e1dek se chyst\u00e1te nastolit. S p\u0159ich\u00e1zej\u00edc\u00edm jarem v\u00e1s asi bude \u010dekat v\u011bt\u0161\u00ed jarn\u00ed \u00faklid. Prvn\u00ed jarn\u00ed slun\u00ed\u010dko odhal\u00ed \u0161pinav\u00e9 okenn\u00ed tabulky, v kuchyni mastn\u00e9 dla\u017edice i n\u00e1nosy prachu. Zkr\u00e1tka napohled nic l\u00e1kav\u00e9ho. Zkontrolujte, zda m\u00e1te v\u0161echny pot\u0159ebn\u00e9 \u010dist\u00edc\u00ed prost\u0159edky. Budete-li muset odb\u00edhat na n\u00e1kup do obchodu, k \u00faklidov\u00fdm prac\u00edm se budete neradi vracet. Nejnam\u00e1hav\u011bj\u0161\u00ed \u010d\u00e1st\u00ed o\u010disty bytu bude myt\u00ed oken. M\u016f\u017ee si koupit \u00fa\u010dinn\u00e9 \u010disti\u010de na okna, kter\u00e9 v\u00e1m pr\u00e1ci uleh\u010d\u00ed. Jste-li sp\u00ed\u0161e zast\u00e1nci ekologick\u00fdch prost\u0159edk\u016f i ty v obchodech naleznete. M\u016f\u017eete vyzkou\u0161et i f\u00edgle na\u0161ich babi\u010dek a \u010dist\u00edc\u00ed prost\u0159edek si vyrobit sami. Nejen, \u017ee nezat\u00ed\u017e\u00edte \u017eivotn\u00ed prost\u0159ed\u00ed, ale v\u0161echny suroviny, kter\u00e9 budete k v\u00fdrob\u011b p\u0159\u00edpravku pot\u0159ebovat jsou levn\u00e9 a dostupn\u00e9. Dal\u0161\u00edm plusem je p\u0159\u00edjemn\u011b provon\u011bn\u00e1 dom\u00e1cnost bylinkovou v\u016fn\u00ed. Vyrobte si \u010distidlo na okna:1 hrst su\u0161en\u00e9 nebo \u010derstv\u00fdch list\u016f aloisie trojlist\u00e9230 ml vody30 ml vinn\u00e9ho octa4 kapky tekut\u00e9ho m\u00fddlaBylinku zalijte vodou a pova\u0159te 10 minut. Pak nechte sm\u011bs vychladnout. Pot\u00e9 p\u0159ece\u010fte, p\u0159idejte dv\u011b pol\u00e9vkov\u00e9 l\u017e\u00edce octa a tekut\u00e9 m\u00fddlo. D\u016fkladn\u011b prot\u0159epejte. Aby se v\u00e1m s \u010distidlem l\u00e9pe pracovalo, p\u0159elijte ho do rozpra\u0161ova\u010de.\u00a0Nem\u00e1te-li po ruce aloisii, pou\u017eijte listy medu\u0148ky l\u00e9ka\u0159sk\u00e9, zavinutky nebo mydlice. Kdy\u017e u\u017e se do jarn\u00edho \u00faklidu pust\u00edte, prov\u011btrejte i \u0161atn\u00ed sk\u0159\u00edn\u011b. Zbavte se od\u011bv\u016f, kter\u00e9 jste na sob\u011b nem\u011bli v\u00edce ne\u017e rok. Nepou\u017e\u00edvan\u00e9 o\u0161acen\u00ed m\u016f\u017eete v\u011bnovat k charitativn\u00edm \u00fa\u010del\u016fm. \u0160atn\u00ed sk\u0159\u00edn\u011b vyv\u011btrejte. P\u0159erovnejte a ukli\u010fte \u0161upl\u00edky. Zbavte se v\u0161ech nepot\u0159ebn\u00fdch v\u011bc\u00ed, ulev\u00ed se v\u00e1m.                                                                                                                                                                                                                                                                                                                                                                                        3.9\/5 - (9 votes)        "},{"@context":"https:\/\/schema.org\/","@type":"BreadcrumbList","itemListElement":[{"@type":"ListItem","position":1,"name":"Ukli\u010fte si d\u016fm i byt","item":"https:\/\/www.amal.cz\/uklidte-si-dum-i-byt\/#breadcrumbitem"}]}]