[{"@context":"https:\/\/schema.org\/","@type":"Article","@id":"https:\/\/www.amal.cz\/svetlo-je-pro-cloveka-nenahraditelne\/#Article","mainEntityOfPage":"https:\/\/www.amal.cz\/svetlo-je-pro-cloveka-nenahraditelne\/","headline":"Sv\u011btlo je pro \u010dlov\u011bka nenahraditeln\u00e9","name":"Sv\u011btlo je pro \u010dlov\u011bka nenahraditeln\u00e9","description":"Sv\u011btlo je ned\u00edlnou sou\u010d\u00e1st\u00ed \u017eivota, p\u0159irozen\u00e9, ale i to um\u011bl\u00e9. Sv\u00edt\u00edme v\u0161ude, doma i v pr\u00e1ci. Kv\u016fli ka\u017edodenn\u00edm \u010dinnostem si pot\u0159ebujeme prodlou\u017eit dobu, kdy na v\u011bci kolem sebe dob\u0159e uvid\u00edme, i kdy\u017e slunce u\u017e d\u00e1vno za\u0161lo. Doma m\u00e1me nejr\u016fzn\u011bj\u0161\u00ed druhy sv\u011btel, lustry, lampy i mal\u00e9 lampi\u010dky \u010di sv\u011bt\u00fdlka do z\u00e1suvek. Prod\u00e1vaj\u00ed se v nejr\u016fzn\u011bj\u0161\u00edch barv\u00e1ch, [&hellip;]","datePublished":"2023-04-30","dateModified":"2023-04-30","author":{"@type":"Person","@id":"https:\/\/www.amal.cz\/author\/#Person","name":"","url":"https:\/\/www.amal.cz\/author\/","identifier":1,"image":{"@type":"ImageObject","@id":"https:\/\/secure.gravatar.com\/avatar\/4bf629230dc34158290ba5b10491f45b3bfbba94b88af3386c3da2fed730f430?s=96&d=mm&r=g","url":"https:\/\/secure.gravatar.com\/avatar\/4bf629230dc34158290ba5b10491f45b3bfbba94b88af3386c3da2fed730f430?s=96&d=mm&r=g","height":96,"width":96}},"publisher":{"@type":"Organization","name":"amal.cz","logo":{"@type":"ImageObject","@id":"\/logo.png","url":"\/logo.png","width":600,"height":60}},"url":"https:\/\/www.amal.cz\/svetlo-je-pro-cloveka-nenahraditelne\/","about":["D\u011bti"],"wordCount":395,"articleBody":"       Sv\u011btlo je ned\u00edlnou sou\u010d\u00e1st\u00ed \u017eivota, p\u0159irozen\u00e9, ale i to um\u011bl\u00e9. Sv\u00edt\u00edme v\u0161ude, doma i v pr\u00e1ci. Kv\u016fli ka\u017edodenn\u00edm \u010dinnostem si pot\u0159ebujeme prodlou\u017eit dobu, kdy na v\u011bci kolem sebe dob\u0159e uvid\u00edme, i kdy\u017e slunce u\u017e d\u00e1vno za\u0161lo. Doma m\u00e1me nejr\u016fzn\u011bj\u0161\u00ed druhy sv\u011btel, lustry, lampy i mal\u00e9 lampi\u010dky \u010di sv\u011bt\u00fdlka do z\u00e1suvek. Prod\u00e1vaj\u00ed se v nejr\u016fzn\u011bj\u0161\u00edch barv\u00e1ch, velikostech i proveden\u00edch a s jejich pomoc\u00ed lze doladit i cel\u00fd interi\u00e9r. Jejich po\u010det z\u00e1vis\u00ed na velikosti prostoru i \u010dinnostech, kter\u00e9 tam prov\u00e1d\u00edme. Jinak sv\u00edtit pot\u0159ebujeme v pracovn\u011b, jinak v lo\u017enici nebo kuchyni. Zdroje sv\u011btla s dlouhou \u017eivotnost\u00ed a velkou \u00fasporou Ov\u0161em samotn\u00e1 sv\u011btla se neobejdou bez \u017e\u00e1rovek. Jsou to pr\u00e1v\u011b ony, kter\u00e9 sv\u00edt\u00ed. V sou\u010dasn\u00e9 dob\u011b se pomalu ale jist\u011b upou\u0161t\u00ed od v\u0161ech star\u0161\u00edch typ\u016f a velmi \u017e\u00e1dan\u00e9 jsou \u017e\u00e1rovky LED. Maj\u00ed oproti t\u011bm klasick\u00fdm mnoho v\u00fdhod. P\u0159edev\u0161\u00edm je to ale jejich \u00faspornost a dlouh\u00e1 \u017eivotnost, kter\u00fdmi si z\u00edskaly cestu do na\u0161ich domov\u016f. V porovn\u00e1n\u00ed s klasickou \u017e\u00e1rovkou pot\u0159ebuj\u00ed mnohem men\u0161\u00ed p\u0159\u00edkon ke stejn\u011b velk\u00e9mu v\u00fdkonu a nevydr\u017e\u00ed pouze p\u00e1r t\u00fddn\u016f, ale i n\u011bkolik let. K dost\u00e1n\u00ed jsou v mnoha variant\u00e1ch  a pravda je, \u017ee po\u0159izovac\u00ed cena je trochu vy\u0161\u0161\u00ed. Nicm\u00e9n\u011b investovan\u00e9 pen\u00edze se v\u00e1m velmi brzy vr\u00e1t\u00ed z ji\u017e zmi\u0148ovan\u00fdch d\u016fvod\u016f. Jejich zakoupen\u00edm v podstat\u011b hodn\u011b u\u0161et\u0159\u00edte. Vyb\u00edrejte s rozmyslem Jejich v\u00fdb\u011br ale nen\u00ed \u00fapln\u011b jednoduch\u00fd, ne\u0159\u00edd\u00edte se pouze z\u00e1vitem, velikost\u00ed a p\u0159\u00edkonem. Zohlednit mus\u00edte v\u00edce krit\u00e9ri\u00ed, nutno ale dodat, \u017ee d\u00edky tomu v\u00e1m poskytnou mnohem vy\u0161\u0161\u00ed komfort p\u0159i sv\u00edcen\u00ed. Mezi dal\u0161\u00ed parametry, kter\u00e9 mus\u00edte br\u00e1t v potaz, tedy pat\u0159\u00ed p\u0159edev\u0161\u00edm sv\u00edtivost, barva sv\u011btla, po\u010det LED diod, \u00fahel rozptylu sv\u011btla \u010di kvalita LED \u010dip\u016f. Nev\u00edte-li si ale p\u0159eci jen rady, obra\u0165te se na odborn\u00edky v oboru, kte\u0159\u00ed v\u00e1m r\u00e1di doporu\u010d\u00ed ty nejvhodn\u011bj\u0161\u00ed varianty pr\u00e1v\u011b pro v\u00e1s.                                                                                                                                                                                                                                                                                                                                                                                          4.1\/5 - (9 votes)        "},{"@context":"https:\/\/schema.org\/","@type":"BreadcrumbList","itemListElement":[{"@type":"ListItem","position":1,"name":"Sv\u011btlo je pro \u010dlov\u011bka nenahraditeln\u00e9","item":"https:\/\/www.amal.cz\/svetlo-je-pro-cloveka-nenahraditelne\/#breadcrumbitem"}]}]