[{"@context":"https:\/\/schema.org\/","@type":"Article","@id":"https:\/\/www.amal.cz\/stylova-vanocni-vyzdoba\/#Article","mainEntityOfPage":"https:\/\/www.amal.cz\/stylova-vanocni-vyzdoba\/","headline":"Stylov\u00e1 v\u00e1no\u010dn\u00ed v\u00fdzdoba","name":"Stylov\u00e1 v\u00e1no\u010dn\u00ed v\u00fdzdoba","description":"V dne\u0161n\u00ed dob\u011b na trhu k dost\u00e1n\u00ed opravdu velk\u00e9 mno\u017estv\u00ed nejr\u016fzn\u011bj\u0161\u00edch dekorac\u00ed a v\u00e1no\u010dn\u00edch dopl\u0148k\u016f. Rok co rok za\u010d\u00edn\u00e1 v\u00e1no\u010dn\u00ed \u0161\u00edlenstv\u00ed snad v je\u0161t\u011b d\u0159\u00edv\u011bj\u0161\u00edch m\u011bs\u00edc\u00edch, proto s n\u00e1kupem dekorac\u00ed neot\u00e1lejte. V prosinci \u010di na konci listopadu se m\u016f\u017ee st\u00e1t, \u017ee zbo\u017e\u00ed za nejlep\u0161\u00ed ceny bude ji\u017e vykoupeno. V z\u00e1plav\u011b v\u011bc\u00ed, je\u017e dnes m\u016f\u017eeme koupit, [&hellip;]","datePublished":"2020-10-19","dateModified":"2023-04-30","author":{"@type":"Person","@id":"https:\/\/www.amal.cz\/author\/#Person","name":"","url":"https:\/\/www.amal.cz\/author\/","identifier":1,"image":{"@type":"ImageObject","@id":"https:\/\/secure.gravatar.com\/avatar\/4bf629230dc34158290ba5b10491f45b3bfbba94b88af3386c3da2fed730f430?s=96&d=mm&r=g","url":"https:\/\/secure.gravatar.com\/avatar\/4bf629230dc34158290ba5b10491f45b3bfbba94b88af3386c3da2fed730f430?s=96&d=mm&r=g","height":96,"width":96}},"publisher":{"@type":"Organization","name":"amal.cz","logo":{"@type":"ImageObject","@id":"\/logo.png","url":"\/logo.png","width":600,"height":60}},"image":{"@type":"ImageObject","@id":"https:\/\/www.amal.cz\/wp-content\/uploads\/va%CC%81noc%CC%8Cni%CC%81%20strom.jpg","url":"https:\/\/www.amal.cz\/wp-content\/uploads\/va%CC%81noc%CC%8Cni%CC%81%20strom.jpg","height":0,"width":0},"url":"https:\/\/www.amal.cz\/stylova-vanocni-vyzdoba\/","about":["M\u00f3da"],"wordCount":422,"articleBody":"    V dne\u0161n\u00ed dob\u011b na trhu k dost\u00e1n\u00ed opravdu velk\u00e9 mno\u017estv\u00ed nejr\u016fzn\u011bj\u0161\u00edch dekorac\u00ed a v\u00e1no\u010dn\u00edch dopl\u0148k\u016f. Rok co rok za\u010d\u00edn\u00e1 v\u00e1no\u010dn\u00ed \u0161\u00edlenstv\u00ed snad v je\u0161t\u011b d\u0159\u00edv\u011bj\u0161\u00edch m\u011bs\u00edc\u00edch, proto s n\u00e1kupem dekorac\u00ed neot\u00e1lejte. V prosinci \u010di na konci listopadu se m\u016f\u017ee st\u00e1t, \u017ee zbo\u017e\u00ed za nejlep\u0161\u00ed ceny bude ji\u017e vykoupeno.V z\u00e1plav\u011b v\u011bc\u00ed, je\u017e dnes m\u016f\u017eeme koupit, je n\u011bkdy opravdu t\u011b\u017ek\u00e9 nakombinovat a sladit ve\u0161ker\u00e9 dopl\u0148ky tak, aby spolu kr\u00e1sn\u011b ladily a do na\u0161eho interi\u00e9ru nebo exteri\u00e9ru dob\u0159e zapadaly. V tomto ohledu je v n\u011bkter\u00fdch p\u0159\u00edpadech nejlep\u0161\u00ed volbou dr\u017eet se hesla \u201cM\u00e9n\u011b je n\u011bkdy v\u00edce\u201d.Kam um\u00edstit strome\u010dek?V\u00e1no\u010dn\u00ed strom je bezpochyby jeden z nejv\u011bt\u0161\u00edch symbol\u016f v\u00e1no\u010dn\u00edch sv\u00e1tk\u016f. Mo\u017en\u00e1 si \u0159\u00edk\u00e1te, \u017ee je p\u0159eci \u00fapln\u011b jedno, kde bude strome\u010dek ustaven\u00fd. Opak je v\u0161ak pravdou. Zvolte takov\u00e9 m\u00edsto, kde tento mnohalet\u00fd symbol V\u00e1noc opravdu vynikne. Pokud m\u00e1te nap\u0159\u00edklad bohat\u011b nazdobeno z\u00e1bradl\u00ed, je\u017e lemuje va\u0161e schody, um\u00edst\u011bte v\u00e1no\u010dn\u00ed strom rad\u011bji d\u00e1l od nich.Jestli\u017ee je interi\u00e9r va\u0161eho domu \u010di bytu hodn\u011b prosv\u011btlen\u00fd, nemus\u00edte se b\u00e1t ladit ba\u0148ky do syt\u011b \u010derven\u00e9 barvy nebo tmav\u011b fialov\u00e9. Naopak, jestli\u017ee v pokoji nen\u00ed p\u0159\u00edli\u0161 sv\u011btla, je vhodn\u011bj\u0161\u00ed volit v\u00e1no\u010dn\u00ed dekorace ve sv\u011btlej\u0161\u00edch barv\u00e1ch. N\u00e1dhern\u011b vypad\u00e1 nap\u0159\u00edklad st\u0159\u00edbrn\u00e1 v kombinaci se sv\u011btle modrou. Trendem leto\u0161n\u00edho roku je rovn\u011b\u017e pudrov\u00e1 barva, je\u017e vypad\u00e1 velmi luxusn\u011b a elegantn\u011b. Tuto barvu m\u016f\u017eete doplnit nap\u0159\u00edklad zlat\u00fdmi akcenty, kter\u00e9 p\u0159idaj\u00ed va\u0161emu interi\u00e9ru slavnostn\u00ed atmosf\u00e9ru.Jak\u00fd zvolit adventn\u00ed v\u011bnec?Zde op\u011bt plat\u00ed, \u017ee vzhled adventn\u00edho v\u011bnce se bude odv\u00edjet p\u0159edev\u0161\u00edm od toho, jak celkov\u011b vypad\u00e1 prostor, kde bude um\u00edst\u011bn. Jestli\u017ee je va\u0161e kuchy\u0148 a j\u00eddelna lad\u011bna do modern\u00edho a minimalistick\u00e9ho stylu, nebojte se netradi\u010dn\u00edho v\u011bnce. Ten m\u016f\u017eete jednodu\u0161e vytvo\u0159it nap\u0159\u00edklad z b\u00edl\u00e9ho t\u00e1cu, na kter\u00fd um\u00edst\u00edte \u010dty\u0159i sv\u00ed\u010dky. N\u00e1sledn\u011b jej dozdob\u00edte mal\u00fdmi ba\u0148kami \u010di vlo\u010dkami. P\u0159idat m\u016f\u017eete rovn\u011b\u017e dekorativn\u00ed perly.                                                                                                                                                                                                                                                                                                                                                                                         4\/5 - (12 votes)        "},{"@context":"https:\/\/schema.org\/","@type":"BreadcrumbList","itemListElement":[{"@type":"ListItem","position":1,"name":"Stylov\u00e1 v\u00e1no\u010dn\u00ed v\u00fdzdoba","item":"https:\/\/www.amal.cz\/stylova-vanocni-vyzdoba\/#breadcrumbitem"}]}]