[{"@context":"https:\/\/schema.org\/","@type":"Article","@id":"https:\/\/www.amal.cz\/stehovani-obnasi-celou-radu-otazek\/#Article","mainEntityOfPage":"https:\/\/www.amal.cz\/stehovani-obnasi-celou-radu-otazek\/","headline":"St\u011bhov\u00e1n\u00ed obn\u00e1\u0161\u00ed celou \u0159adu ot\u00e1zek","name":"St\u011bhov\u00e1n\u00ed obn\u00e1\u0161\u00ed celou \u0159adu ot\u00e1zek","description":"\u010cek\u00e1 v\u00e1s st\u011bhov\u00e1n\u00ed v Praze a ob\u00e1v\u00e1te se, \u017ee to bude hor\u0161\u00ed, ne\u017e sc\u00e9na z \u201eKulov\u00e9ho blesku\u201c? Nemus\u00ed to tak b\u00fdt, pokud si vyberete spolehliv\u00e9 st\u011bhov\u00e1ky a nech\u00e1te \u201edoktora Radostu\u201c, aby sv\u00e9 \u201eKulov\u00e9 blesky\u201c organizoval n\u011bkde jinde. Z\u00e1rove\u0148 si pokl\u00e1dejte d\u016fle\u017eit\u00e9 ot\u00e1zky, abyste p\u0159ede\u0161li zbyte\u010dn\u00fdm zmatk\u016fm. Kdy oslovit st\u011bhov\u00e1ky? Nejl\u00e9pe \u0161est t\u00fddn\u016f p\u0159edem, to by [&hellip;]","datePublished":"2022-07-08","dateModified":"2023-04-30","author":{"@type":"Person","@id":"https:\/\/www.amal.cz\/author\/#Person","name":"","url":"https:\/\/www.amal.cz\/author\/","identifier":1,"image":{"@type":"ImageObject","@id":"https:\/\/secure.gravatar.com\/avatar\/4bf629230dc34158290ba5b10491f45b3bfbba94b88af3386c3da2fed730f430?s=96&d=mm&r=g","url":"https:\/\/secure.gravatar.com\/avatar\/4bf629230dc34158290ba5b10491f45b3bfbba94b88af3386c3da2fed730f430?s=96&d=mm&r=g","height":96,"width":96}},"publisher":{"@type":"Organization","name":"amal.cz","logo":{"@type":"ImageObject","@id":"\/logo.png","url":"\/logo.png","width":600,"height":60}},"image":{"@type":"ImageObject","@id":"https:\/\/www.amal.cz\/wp-content\/uploads\/prague-7172594_640.jpg","url":"https:\/\/www.amal.cz\/wp-content\/uploads\/prague-7172594_640.jpg","height":0,"width":0},"url":"https:\/\/www.amal.cz\/stehovani-obnasi-celou-radu-otazek\/","about":["Podnik\u00e1n\u00ed"],"wordCount":456,"articleBody":"   \u010cek\u00e1 v\u00e1s st\u011bhov\u00e1n\u00ed v Praze a ob\u00e1v\u00e1te se, \u017ee to bude hor\u0161\u00ed, ne\u017e sc\u00e9na z \u201eKulov\u00e9ho blesku\u201c? Nemus\u00ed to tak b\u00fdt, pokud si vyberete spolehliv\u00e9 st\u011bhov\u00e1ky a nech\u00e1te \u201edoktora Radostu\u201c, aby sv\u00e9 \u201eKulov\u00e9 blesky\u201c organizoval n\u011bkde jinde. Z\u00e1rove\u0148 si pokl\u00e1dejte d\u016fle\u017eit\u00e9 ot\u00e1zky, abyste p\u0159ede\u0161li zbyte\u010dn\u00fdm zmatk\u016fm.Kdy oslovit st\u011bhov\u00e1ky? Nejl\u00e9pe \u0161est t\u00fddn\u016f p\u0159edem, to by v\u00e1m m\u011blo sta\u010dit k v\u00fdb\u011bru vhodn\u00e9ho term\u00ednu. Nejd\u0159\u00edve b\u00fdvaj\u00ed zamluven\u00e9 v\u00edkendy a term\u00edny mezi dubnem a \u0159\u00edjnem.Kde se\u017eenu balic\u00ed materi\u00e1l, a jak\u00fd? N\u011bkter\u00e9 st\u011bhovac\u00ed firmy jej prod\u00e1vaj\u00ed \u010di pronaj\u00edmaj\u00ed, sta\u010d\u00ed se zeptat. Osv\u011bd\u010den\u00e9 jsou hlavn\u011b kartonov\u00e9 krabice a bublinkov\u00e1 f\u00f3lie. Na n\u00e1bytek posta\u010d\u00ed tenk\u00e1 flexi f\u00f3lie. Pokud balic\u00ed materi\u00e1l st\u011bhov\u00e1ci nemaj\u00ed, koup\u00edte jej v n\u011bkter\u00fdch specializovan\u00fdch eshopech. Nepou\u017e\u00edvejte star\u00e9 noviny a \u010dasopisy \u2013 tiska\u0159sk\u00e1 barva p\u00e1chne a \u0161pin\u00ed.Kdo mi rozebere n\u00e1bytek? Pokud m\u00e1te rozeb\u00edrateln\u00fd n\u00e1bytek, vyplat\u00ed se jej demontovat, abyste p\u0159ede\u0161li po\u0161kozen\u00ed spojovac\u00edch d\u00edl\u016f. Jestli\u017ee si na tuto pr\u00e1ci netrouf\u00e1te, zvl\u00e1\u0161t\u011b u v\u011bt\u0161\u00edch sestav (kuchyn\u011b, vestavba na m\u00edru), po\u017e\u00e1dejte o to st\u011bhovac\u00ed firmu, tyto pr\u00e1ce maj\u00ed b\u011b\u017en\u011b v nab\u00eddce.Je mo\u017en\u00e9 st\u011bhov\u00e1n\u00ed i v neobvyklou hodinu? N\u011bkter\u00e9 st\u011bhovac\u00ed firmy mohou p\u0159istoupit  https:\/\/www.linguee.com\/czech-english\/translation\/p%25C5%2599istoupit.html na v\u00e1\u0161 po\u017eadavek st\u011bhovat se v dob\u011b, kdy nen\u00ed b\u011b\u017en\u00e1 pracovn\u00ed doba. O v\u00edkendech jsme ji\u017e hovo\u0159ili, ty b\u00fdvaj\u00ed obvykle zamluven\u00e9 jako prvn\u00ed, ale ve h\u0159e je je\u0161t\u011b st\u011bhov\u00e1n\u00ed v noci. A to bu\u010f velmi brzy r\u00e1no s t\u00edm, \u017ee se za\u010dne nap\u0159. ve 3 hodiny a skon\u010d\u00ed kolem sedm\u00e9, osm\u00e9 \u010di pozd\u011bji b\u011bhem dopoledne. Anebo se za\u010dne pozd\u011b ve\u010der, nap\u0159. ve 20 hodin a skon\u010d\u00ed se dv\u011b hodiny po p\u016flnoci. Oba term\u00edny maj\u00ed v\u00fdhodu v tom, \u017ee je men\u0161\u00ed provoz na silnic\u00edch, v\u011bt\u0161\u00ed klid, m\u00e9n\u011b zv\u011bdavc\u016f kolem domu a v l\u00e9t\u011b neb\u00fdv\u00e1 velk\u00e9 horko.P\u0159est\u011bhuje firma i velmi t\u011b\u017ek\u00e9 p\u0159edm\u011bty? St\u011bhov\u00e1ci jsou v\u011bt\u0161inou zvykl\u00ed p\u0159en\u00e1\u0161et i m\u00e9n\u011b obvykl\u00e1 b\u0159emena, jako jsou staro\u017eitn\u00e9 sk\u0159\u00edn\u011b, klav\u00edry, trezory, akv\u00e1ria, velk\u00e9 televize, hoblovky atp. Je-li toto v\u00e1\u0161 p\u0159\u00edpad, rad\u011bji si v\u0161ak tuto skute\u010dnost u konkr\u00e9tn\u00ed firmy ov\u011b\u0159te.                                                                                                                                                                                                                                                                                                                                                                                          3.3\/5 - (7 votes)        "},{"@context":"https:\/\/schema.org\/","@type":"BreadcrumbList","itemListElement":[{"@type":"ListItem","position":1,"name":"St\u011bhov\u00e1n\u00ed obn\u00e1\u0161\u00ed celou \u0159adu ot\u00e1zek","item":"https:\/\/www.amal.cz\/stehovani-obnasi-celou-radu-otazek\/#breadcrumbitem"}]}]