{"@context":"https:\/\/schema.org\/","@type":"CollectionPage","@id":"https:\/\/www.amal.cz\/podnikani\/#CollectionPage","headline":"Podnik\u00e1n\u00ed Category","description":"","url":"https:\/\/www.amal.cz\/podnikani\/","hasPart":[{"@type":"Article","@id":"https:\/\/www.amal.cz\/dostali-jste-se-do-financnich-problemu\/","headline":"Dostali jste se do finan\u010dn\u00edch probl\u00e9m\u016f?","url":"https:\/\/www.amal.cz\/dostali-jste-se-do-financnich-problemu\/","datePublished":"2026-01-22","dateModified":"2026-01-22","mainEntityOfPage":"https:\/\/www.amal.cz\/dostali-jste-se-do-financnich-problemu\/","author":{"@type":"Person","@id":"https:\/\/www.amal.cz\/author\/#Person","name":"","url":"https:\/\/www.amal.cz\/author\/","identifier":1,"image":{"@type":"ImageObject","@id":"https:\/\/secure.gravatar.com\/avatar\/4bf629230dc34158290ba5b10491f45b3bfbba94b88af3386c3da2fed730f430?s=96&d=mm&r=g","url":"https:\/\/secure.gravatar.com\/avatar\/4bf629230dc34158290ba5b10491f45b3bfbba94b88af3386c3da2fed730f430?s=96&d=mm&r=g","height":96,"width":96}},"publisher":{"@type":"Organization","name":"amal.cz","logo":{"@type":"ImageObject","@id":"\/logo.png","url":"\/logo.png","width":600,"height":60}},"image":{"@type":"ImageObject","@id":"https:\/\/www.amal.cz\/wp-content\/uploads\/car-3318443_640_10_10.jpg","url":"https:\/\/www.amal.cz\/wp-content\/uploads\/car-3318443_640_10_10.jpg","height":0,"width":0},"keywords":null},{"@type":"Article","@id":"https:\/\/www.amal.cz\/nebojte-se-stehovani\/","headline":"Nebojte se st\u011bhov\u00e1n\u00ed","url":"https:\/\/www.amal.cz\/nebojte-se-stehovani\/","datePublished":"2025-11-27","dateModified":"2025-11-27","mainEntityOfPage":"https:\/\/www.amal.cz\/nebojte-se-stehovani\/","author":{"@type":"Person","@id":"https:\/\/www.amal.cz\/author\/#Person","name":"","url":"https:\/\/www.amal.cz\/author\/","identifier":1,"image":{"@type":"ImageObject","@id":"https:\/\/secure.gravatar.com\/avatar\/4bf629230dc34158290ba5b10491f45b3bfbba94b88af3386c3da2fed730f430?s=96&d=mm&r=g","url":"https:\/\/secure.gravatar.com\/avatar\/4bf629230dc34158290ba5b10491f45b3bfbba94b88af3386c3da2fed730f430?s=96&d=mm&r=g","height":96,"width":96}},"publisher":{"@type":"Organization","name":"amal.cz","logo":{"@type":"ImageObject","@id":"\/logo.png","url":"\/logo.png","width":600,"height":60}},"image":{"@type":"ImageObject","@id":"https:\/\/www.amal.cz\/wp-content\/uploads\/packages-6153947_640_10_9.jpg","url":"https:\/\/www.amal.cz\/wp-content\/uploads\/packages-6153947_640_10_9.jpg","height":0,"width":0},"keywords":null},{"@type":"Article","@id":"https:\/\/www.amal.cz\/montaz-nabytku-pri-stehovani\/","headline":"Mont\u00e1\u017e n\u00e1bytku p\u0159i st\u011bhov\u00e1n\u00ed","url":"https:\/\/www.amal.cz\/montaz-nabytku-pri-stehovani\/","datePublished":"2025-10-12","dateModified":"2025-10-12","mainEntityOfPage":"https:\/\/www.amal.cz\/montaz-nabytku-pri-stehovani\/","author":{"@type":"Person","@id":"https:\/\/www.amal.cz\/author\/#Person","name":"","url":"https:\/\/www.amal.cz\/author\/","identifier":1,"image":{"@type":"ImageObject","@id":"https:\/\/secure.gravatar.com\/avatar\/4bf629230dc34158290ba5b10491f45b3bfbba94b88af3386c3da2fed730f430?s=96&d=mm&r=g","url":"https:\/\/secure.gravatar.com\/avatar\/4bf629230dc34158290ba5b10491f45b3bfbba94b88af3386c3da2fed730f430?s=96&d=mm&r=g","height":96,"width":96}},"publisher":{"@type":"Organization","name":"amal.cz","logo":{"@type":"ImageObject","@id":"\/logo.png","url":"\/logo.png","width":600,"height":60}},"image":{"@type":"ImageObject","@id":"https:\/\/www.amal.cz\/wp-content\/uploads\/home-1680800_640_10_2.jpg","url":"https:\/\/www.amal.cz\/wp-content\/uploads\/home-1680800_640_10_2.jpg","height":0,"width":0},"keywords":null},{"@type":"Article","@id":"https:\/\/www.amal.cz\/kotvime-fasadni-polystyren-bezpecne-a-bez-tepelnych-mostu\/","headline":"Kotv\u00edme fas\u00e1dn\u00ed polystyren bezpe\u010dn\u011b a bez tepeln\u00fdch most\u016f","url":"https:\/\/www.amal.cz\/kotvime-fasadni-polystyren-bezpecne-a-bez-tepelnych-mostu\/","datePublished":"2025-04-05","dateModified":"2025-04-05","mainEntityOfPage":"https:\/\/www.amal.cz\/kotvime-fasadni-polystyren-bezpecne-a-bez-tepelnych-mostu\/","author":{"@type":"Person","@id":"https:\/\/www.amal.cz\/author\/#Person","name":"","url":"https:\/\/www.amal.cz\/author\/","identifier":1,"image":{"@type":"ImageObject","@id":"https:\/\/secure.gravatar.com\/avatar\/4bf629230dc34158290ba5b10491f45b3bfbba94b88af3386c3da2fed730f430?s=96&d=mm&r=g","url":"https:\/\/secure.gravatar.com\/avatar\/4bf629230dc34158290ba5b10491f45b3bfbba94b88af3386c3da2fed730f430?s=96&d=mm&r=g","height":96,"width":96}},"publisher":{"@type":"Organization","name":"amal.cz","logo":{"@type":"ImageObject","@id":"\/logo.png","url":"\/logo.png","width":600,"height":60}},"image":{"@type":"ImageObject","@id":"https:\/\/www.amal.cz\/wp-content\/uploads\/architecture-1541086_640.jpg","url":"https:\/\/www.amal.cz\/wp-content\/uploads\/architecture-1541086_640.jpg","height":0,"width":0},"keywords":null},{"@type":"Article","@id":"https:\/\/www.amal.cz\/leseni-si-radeji-nechte-postavit\/","headline":"Le\u0161en\u00ed si rad\u011bji nechte postavit","url":"https:\/\/www.amal.cz\/leseni-si-radeji-nechte-postavit\/","datePublished":"2025-01-21","dateModified":"2025-01-21","mainEntityOfPage":"https:\/\/www.amal.cz\/leseni-si-radeji-nechte-postavit\/","author":{"@type":"Person","@id":"https:\/\/www.amal.cz\/author\/#Person","name":"","url":"https:\/\/www.amal.cz\/author\/","identifier":1,"image":{"@type":"ImageObject","@id":"https:\/\/secure.gravatar.com\/avatar\/4bf629230dc34158290ba5b10491f45b3bfbba94b88af3386c3da2fed730f430?s=96&d=mm&r=g","url":"https:\/\/secure.gravatar.com\/avatar\/4bf629230dc34158290ba5b10491f45b3bfbba94b88af3386c3da2fed730f430?s=96&d=mm&r=g","height":96,"width":96}},"publisher":{"@type":"Organization","name":"amal.cz","logo":{"@type":"ImageObject","@id":"\/logo.png","url":"\/logo.png","width":600,"height":60}},"image":{"@type":"ImageObject","@id":"https:\/\/www.amal.cz\/wp-content\/uploads\/framework-3328433_640_10.jpg","url":"https:\/\/www.amal.cz\/wp-content\/uploads\/framework-3328433_640_10.jpg","height":0,"width":0},"keywords":null},{"@type":"Article","@id":"https:\/\/www.amal.cz\/chyby-v-peci-o-zuby\/","headline":"Chyby v p\u00e9\u010di o zuby","url":"https:\/\/www.amal.cz\/chyby-v-peci-o-zuby\/","datePublished":"2024-12-24","dateModified":"2024-12-24","mainEntityOfPage":"https:\/\/www.amal.cz\/chyby-v-peci-o-zuby\/","author":{"@type":"Person","@id":"https:\/\/www.amal.cz\/author\/#Person","name":"","url":"https:\/\/www.amal.cz\/author\/","identifier":1,"image":{"@type":"ImageObject","@id":"https:\/\/secure.gravatar.com\/avatar\/4bf629230dc34158290ba5b10491f45b3bfbba94b88af3386c3da2fed730f430?s=96&d=mm&r=g","url":"https:\/\/secure.gravatar.com\/avatar\/4bf629230dc34158290ba5b10491f45b3bfbba94b88af3386c3da2fed730f430?s=96&d=mm&r=g","height":96,"width":96}},"publisher":{"@type":"Organization","name":"amal.cz","logo":{"@type":"ImageObject","@id":"\/logo.png","url":"\/logo.png","width":600,"height":60}},"image":{"@type":"ImageObject","@id":"https:\/\/www.amal.cz\/wp-content\/uploads\/dentist-g2e28ce851_640_10_10_10_6.jpg","url":"https:\/\/www.amal.cz\/wp-content\/uploads\/dentist-g2e28ce851_640_10_10_10_6.jpg","height":0,"width":0},"keywords":null},{"@type":"Article","@id":"https:\/\/www.amal.cz\/investice-v-zahranici\/","headline":"Investice v zahrani\u010d\u00ed","url":"https:\/\/www.amal.cz\/investice-v-zahranici\/","datePublished":"2023-01-21","dateModified":"2023-04-30","mainEntityOfPage":"https:\/\/www.amal.cz\/investice-v-zahranici\/","author":{"@type":"Person","@id":"https:\/\/www.amal.cz\/author\/#Person","name":"","url":"https:\/\/www.amal.cz\/author\/","identifier":1,"image":{"@type":"ImageObject","@id":"https:\/\/secure.gravatar.com\/avatar\/4bf629230dc34158290ba5b10491f45b3bfbba94b88af3386c3da2fed730f430?s=96&d=mm&r=g","url":"https:\/\/secure.gravatar.com\/avatar\/4bf629230dc34158290ba5b10491f45b3bfbba94b88af3386c3da2fed730f430?s=96&d=mm&r=g","height":96,"width":96}},"publisher":{"@type":"Organization","name":"amal.cz","logo":{"@type":"ImageObject","@id":"\/logo.png","url":"\/logo.png","width":600,"height":60}},"image":{"@type":"ImageObject","@id":"https:\/\/www.amal.cz\/wp-content\/uploads\/dubrovnik-5214286_640_4.jpg","url":"https:\/\/www.amal.cz\/wp-content\/uploads\/dubrovnik-5214286_640_4.jpg","height":0,"width":0},"keywords":null},{"@type":"Article","@id":"https:\/\/www.amal.cz\/co-by-vam-poradil-instalater-z-havarijniho-servisu\/","headline":"Co by v\u00e1m poradil instalat\u00e9r z havarijn\u00edho servisu","url":"https:\/\/www.amal.cz\/co-by-vam-poradil-instalater-z-havarijniho-servisu\/","datePublished":"2023-01-15","dateModified":"2023-04-30","mainEntityOfPage":"https:\/\/www.amal.cz\/co-by-vam-poradil-instalater-z-havarijniho-servisu\/","author":{"@type":"Person","@id":"https:\/\/www.amal.cz\/author\/#Person","name":"","url":"https:\/\/www.amal.cz\/author\/","identifier":1,"image":{"@type":"ImageObject","@id":"https:\/\/secure.gravatar.com\/avatar\/4bf629230dc34158290ba5b10491f45b3bfbba94b88af3386c3da2fed730f430?s=96&d=mm&r=g","url":"https:\/\/secure.gravatar.com\/avatar\/4bf629230dc34158290ba5b10491f45b3bfbba94b88af3386c3da2fed730f430?s=96&d=mm&r=g","height":96,"width":96}},"publisher":{"@type":"Organization","name":"amal.cz","logo":{"@type":"ImageObject","@id":"\/logo.png","url":"\/logo.png","width":600,"height":60}},"image":{"@type":"ImageObject","@id":"https:\/\/www.amal.cz\/wp-content\/uploads\/pipe-gb96aa50d2_640.jpg","url":"https:\/\/www.amal.cz\/wp-content\/uploads\/pipe-gb96aa50d2_640.jpg","height":0,"width":0},"keywords":null},{"@type":"Article","@id":"https:\/\/www.amal.cz\/stehovani-obnasi-celou-radu-otazek\/","headline":"St\u011bhov\u00e1n\u00ed obn\u00e1\u0161\u00ed celou \u0159adu ot\u00e1zek","url":"https:\/\/www.amal.cz\/stehovani-obnasi-celou-radu-otazek\/","datePublished":"2022-07-08","dateModified":"2023-04-30","mainEntityOfPage":"https:\/\/www.amal.cz\/stehovani-obnasi-celou-radu-otazek\/","author":{"@type":"Person","@id":"https:\/\/www.amal.cz\/author\/#Person","name":"","url":"https:\/\/www.amal.cz\/author\/","identifier":1,"image":{"@type":"ImageObject","@id":"https:\/\/secure.gravatar.com\/avatar\/4bf629230dc34158290ba5b10491f45b3bfbba94b88af3386c3da2fed730f430?s=96&d=mm&r=g","url":"https:\/\/secure.gravatar.com\/avatar\/4bf629230dc34158290ba5b10491f45b3bfbba94b88af3386c3da2fed730f430?s=96&d=mm&r=g","height":96,"width":96}},"publisher":{"@type":"Organization","name":"amal.cz","logo":{"@type":"ImageObject","@id":"\/logo.png","url":"\/logo.png","width":600,"height":60}},"image":{"@type":"ImageObject","@id":"https:\/\/www.amal.cz\/wp-content\/uploads\/prague-7172594_640.jpg","url":"https:\/\/www.amal.cz\/wp-content\/uploads\/prague-7172594_640.jpg","height":0,"width":0},"keywords":null},{"@type":"Article","@id":"https:\/\/www.amal.cz\/k-cemu-se-pouziva-3d-tisk-a-jake-jsou-jeho-moznosti\/","headline":"K \u010demu se pou\u017e\u00edv\u00e1 3d tisk, a jak\u00e9 jsou jeho mo\u017enosti?","url":"https:\/\/www.amal.cz\/k-cemu-se-pouziva-3d-tisk-a-jake-jsou-jeho-moznosti\/","datePublished":"2022-05-30","dateModified":"2023-04-30","mainEntityOfPage":"https:\/\/www.amal.cz\/k-cemu-se-pouziva-3d-tisk-a-jake-jsou-jeho-moznosti\/","author":{"@type":"Person","@id":"https:\/\/www.amal.cz\/author\/#Person","name":"","url":"https:\/\/www.amal.cz\/author\/","identifier":1,"image":{"@type":"ImageObject","@id":"https:\/\/secure.gravatar.com\/avatar\/4bf629230dc34158290ba5b10491f45b3bfbba94b88af3386c3da2fed730f430?s=96&d=mm&r=g","url":"https:\/\/secure.gravatar.com\/avatar\/4bf629230dc34158290ba5b10491f45b3bfbba94b88af3386c3da2fed730f430?s=96&d=mm&r=g","height":96,"width":96}},"publisher":{"@type":"Organization","name":"amal.cz","logo":{"@type":"ImageObject","@id":"\/logo.png","url":"\/logo.png","width":600,"height":60}},"image":{"@type":"ImageObject","@id":"https:\/\/www.amal.cz\/wp-content\/uploads\/computer-3174729_640.jpg","url":"https:\/\/www.amal.cz\/wp-content\/uploads\/computer-3174729_640.jpg","height":0,"width":0},"keywords":null}]}