[{"@context":"https:\/\/schema.org\/","@type":"Article","@id":"https:\/\/www.amal.cz\/mit-uspech-i-v-zahranici\/#Article","mainEntityOfPage":"https:\/\/www.amal.cz\/mit-uspech-i-v-zahranici\/","headline":"M\u00edt \u00fasp\u011bch i v zahrani\u010d\u00ed","name":"M\u00edt \u00fasp\u011bch i v zahrani\u010d\u00ed","description":"Kdy\u017e podnik\u00e1te a da\u0159\u00ed se V\u00e1m, ur\u010dit\u011b se za\u010dnete d\u0159\u00edve \u010di pozd\u011bji pt\u00e1t, zda by nebylo mo\u017en\u00e9 \u00fasp\u011b\u0161n\u011b za\u010d\u00edt podnikat tak\u00e9 v zahrani\u010d\u00ed. P\u0159iznejme si to na rovinu. \u010cesk\u00e1 republika nen\u00ed pr\u00e1v\u011b nejv\u011bt\u0161\u00ed. To znamen\u00e1, \u017ee ani klientela nen\u00ed zrovna co do po\u010dtu bohat\u00e1. A bohat\u00e1 nejen do po\u010dtu. P\u0159\u00edjmy \u010desk\u00fdch ob\u010dan\u016f jsou nesrovnateln\u011b ni\u017e\u0161\u00ed [&hellip;]","datePublished":"2020-09-18","dateModified":"2023-04-30","author":{"@type":"Person","@id":"https:\/\/www.amal.cz\/author\/#Person","name":"","url":"https:\/\/www.amal.cz\/author\/","identifier":1,"image":{"@type":"ImageObject","@id":"https:\/\/secure.gravatar.com\/avatar\/4bf629230dc34158290ba5b10491f45b3bfbba94b88af3386c3da2fed730f430?s=96&d=mm&r=g","url":"https:\/\/secure.gravatar.com\/avatar\/4bf629230dc34158290ba5b10491f45b3bfbba94b88af3386c3da2fed730f430?s=96&d=mm&r=g","height":96,"width":96}},"publisher":{"@type":"Organization","name":"amal.cz","logo":{"@type":"ImageObject","@id":"\/logo.png","url":"\/logo.png","width":600,"height":60}},"image":{"@type":"ImageObject","@id":"https:\/\/www.amal.cz\/wp-content\/uploads\/img_a303487_w2179_t1513803881.jpg","url":"https:\/\/www.amal.cz\/wp-content\/uploads\/img_a303487_w2179_t1513803881.jpg","height":0,"width":0},"url":"https:\/\/www.amal.cz\/mit-uspech-i-v-zahranici\/","wordCount":411,"articleBody":"\tKdy\u017e podnik\u00e1te a da\u0159\u00ed se V\u00e1m, ur\u010dit\u011b se za\u010dnete d\u0159\u00edve \u010di pozd\u011bji pt\u00e1t, zda by nebylo mo\u017en\u00e9 \u00fasp\u011b\u0161n\u011b za\u010d\u00edt podnikat tak\u00e9 v zahrani\u010d\u00ed. P\u0159iznejme si to na rovinu. \u010cesk\u00e1 republika nen\u00ed pr\u00e1v\u011b nejv\u011bt\u0161\u00ed. To znamen\u00e1, \u017ee ani klientela nen\u00ed zrovna co do po\u010dtu bohat\u00e1. A bohat\u00e1 nejen do po\u010dtu. P\u0159\u00edjmy \u010desk\u00fdch ob\u010dan\u016f jsou nesrovnateln\u011b ni\u017e\u0161\u00ed ne\u017e nap\u0159\u00edklad N\u011bmc\u016f \u010di Raku\u0161an\u016f a to se projev\u00ed i na men\u0161\u00ed ochot\u011b utr\u00e1cet za zbo\u017e\u00ed \u010di slu\u017eby. \u0158ekn\u011bme to jednodu\u0161e, \u010ce\u0161i obr\u00e1t\u00ed korunu hned n\u011bkolikr\u00e1t.\t\tJako podnikatel ur\u010dit\u011b tou\u017e\u00edte po tom prosadit se tak\u00e9 v zahrani\u010d\u00ed. M\u016f\u017ee to b\u00fdt snadn\u011bj\u0161\u00ed, ne\u017e se zd\u00e1. Velk\u00fd potenci\u00e1l ur\u010dit\u011b m\u016f\u017eete z\u00edskat v Polsku nebo N\u011bmecku, kter\u00e9 maj\u00ed mnoho obyvatel. Tak\u00e9 Slovensko, i kdy\u017e je velmi mal\u00e9, m\u016f\u017ee p\u0159in\u00e1\u0161et ur\u010dit\u00e9 mo\u017enosti, proto\u017ee je to prost\u011b srdcov\u00e1 z\u00e1le\u017eitost jak pro n\u00e1s, tak pro Slov\u00e1ky. Pro za\u010d\u00e1tek se zam\u011b\u0159te na sousedn\u00ed st\u00e1ty. \u0160ance na \u00fasp\u011bch tu je. Ale nem\u011bli byste podce\u0148ovat d\u016fle\u017eit\u00e9 skute\u010dnosti.\t\tPrvot\u0159\u00eddn\u00ed slu\u017eby a jazykov\u00e1 vybavenostNap\u0159\u00edklad to, \u017ee na zahrani\u010dn\u00edm trhu m\u016f\u017eete usp\u011bt jedin\u011b tehdy, kdy\u017e budete nab\u00edzet prvot\u0159\u00eddn\u00ed slu\u017eby \u010di zbo\u017e\u00ed.Ale ani to nen\u00ed v\u0161e. Samoz\u0159ejmost\u00ed by m\u011bla b\u00fdt tak\u00e9 jazykov\u00e1 vybavenost. Pokud pl\u00e1nujete obchodovat s N\u011bmeckem \u010di Rakouskem, rozhodn\u011b se neuklid\u0148ujte t\u00edm, \u017ee se v\u0161ude domluv\u00edte anglicky, tot\u00e9\u017e plat\u00ed, pokud za\u010dnete podnikat v Polsku nebo Ma\u010farsku. Tak n\u011bjak to v\u00edce klape, kdy\u017e se s potenci\u00e1ln\u00edm z\u00e1kazn\u00edkem bav\u00edte v jeho rodn\u00e9 \u0159e\u010di. Proto je d\u016fle\u017eit\u00e9 zam\u011bstnat ve sv\u00e9 firmy lidi, kte\u0159\u00ed maj\u00ed jazykov\u00e9 kompetence. Z toho d\u016fvodu je st\u00e1le velmi \u017e\u00e1douc\u00ed u\u010dit se n\u011bmecky. Toto je \u0159e\u010d, kter\u00e1 otev\u00edr\u00e1 br\u00e1ny do podnik\u00e1n\u00ed. Mnoho lid\u00ed si to neuv\u011bdomuje a zam\u011b\u0159uj se p\u0159edev\u0161\u00edm na angli\u010dtinu, ale nen\u00ed dobr\u00e9 n\u011bm\u010dinu podce\u0148ovat. Na\u0161t\u011bst\u00ed v \u010cech\u00e1ch je mnoho lid\u00ed ze sm\u00ed\u0161en\u00fdch man\u017eelstv\u00ed, tak\u017ee zvl\u00e1daj\u00ed ma\u010far\u0161tinu, sloven\u0161tinu nebo pol\u0161tinu jako rodil\u00ed mluv\u010d\u00ed.                                                                                                                                                                                                                                                                                                                                                                                        4.4\/5 - (7 votes)        "},{"@context":"https:\/\/schema.org\/","@type":"BreadcrumbList","itemListElement":[{"@type":"ListItem","position":1,"name":"M\u00edt \u00fasp\u011bch i v zahrani\u010d\u00ed","item":"https:\/\/www.amal.cz\/mit-uspech-i-v-zahranici\/#breadcrumbitem"}]}]