[{"@context":"https:\/\/schema.org\/","@type":"Article","@id":"https:\/\/www.amal.cz\/kde-oslavit-jubileum\/#Article","mainEntityOfPage":"https:\/\/www.amal.cz\/kde-oslavit-jubileum\/","headline":"Kde oslavit jubileum?","name":"Kde oslavit jubileum?","description":"\u010cek\u00e1 V\u00e1s letos kulat\u00e9 v\u00fdro\u010d\u00ed svatby? \u010ci snad Va\u0161e maminka bude slavit kr\u00e1sn\u00e9 narozeniny, jejich\u017e oslavu j\u00ed chcete p\u0159ipravit jako p\u0159ekvapen\u00ed? Chcete j\u00ed uspo\u0159\u00e1dat narozeninovou p\u00e1rty, aby si i ona u\u017eila oslavu, kdy je h\u00fd\u010dk\u00e1na, oslavu, kter\u00e9 nep\u0159edch\u00e1zej\u00ed dva dny nam\u00e1hav\u00e9 p\u0159\u00edpravy a posl\u00e9ze dal\u0161\u00ed den nekone\u010dn\u00e9ho \u00faklidu? Chcete pro svou maminku p\u0159ipravit narozeninovou oslavu, [&hellip;]","datePublished":"2023-05-13","dateModified":"2024-05-20","author":{"@type":"Person","@id":"https:\/\/www.amal.cz\/author\/#Person","name":"","url":"https:\/\/www.amal.cz\/author\/","identifier":1,"image":{"@type":"ImageObject","@id":"https:\/\/secure.gravatar.com\/avatar\/4bf629230dc34158290ba5b10491f45b3bfbba94b88af3386c3da2fed730f430?s=96&d=mm&r=g","url":"https:\/\/secure.gravatar.com\/avatar\/4bf629230dc34158290ba5b10491f45b3bfbba94b88af3386c3da2fed730f430?s=96&d=mm&r=g","height":96,"width":96}},"publisher":{"@type":"Organization","name":"amal.cz","logo":{"@type":"ImageObject","@id":"\/logo.png","url":"\/logo.png","width":600,"height":60}},"url":"https:\/\/www.amal.cz\/kde-oslavit-jubileum\/","wordCount":235,"articleBody":"\u010cek\u00e1 V\u00e1s letos kulat\u00e9 v\u00fdro\u010d\u00ed svatby? \u010ci snad Va\u0161e maminka bude slavit kr\u00e1sn\u00e9 narozeniny, jejich\u017e oslavu j\u00ed chcete p\u0159ipravit jako p\u0159ekvapen\u00ed? Chcete j\u00ed uspo\u0159\u00e1dat narozeninovou p\u00e1rty, aby si i ona u\u017eila oslavu, kdy je h\u00fd\u010dk\u00e1na, oslavu, kter\u00e9 nep\u0159edch\u00e1zej\u00ed dva dny nam\u00e1hav\u00e9 p\u0159\u00edpravy a posl\u00e9ze dal\u0161\u00ed den nekone\u010dn\u00e9ho \u00faklidu? Chcete pro svou maminku p\u0159ipravit narozeninovou oslavu, kde si bude jen pochutn\u00e1vat a nebude m\u00edt starosti o to, zda jsou jej\u00ed host\u00e9 spokojeni? Vyberte pro tuto akci n\u011bkterou dobrou pra\u017eskou restauraci.\tU n\u00e1s jste v\u00edt\u00e1niNev\u00edte, nem\u00e1te \u017e\u00e1dn\u00fd ov\u011b\u0159en\u00fd tip? Zkuste t\u0159eba Golema. \u017de nev\u00edte, co to je? Golem je restaurace Praha, kter\u00e1 je jako stvo\u0159en\u00e1 pro mimo\u0159\u00e1dn\u00e1 setk\u00e1n\u00ed, pro str\u00e1ven\u00ed p\u0159\u00edjemn\u00fdch chvil s rodinou, pro posezen\u00ed u dobr\u00e9ho j\u00eddla a pit\u00ed. Dle po\u010das\u00ed m\u00e1te mo\u017enost zvolit, zda narozeninov\u00e1 oslava bude prob\u00edhat venku \u010di uvnit\u0159, vyberte si tak, aby Va\u0161i akci nemohlo nic naru\u0161it. A rozhodnete-li se pro posezen\u00ed venku, je zde mo\u017enost vyu\u017e\u00edt kryt\u00e9 zahr\u00e1dky p\u0159i nenad\u00e1l\u00e9 nep\u0159\u00edzni po\u010das\u00ed. O to, jak se na akci dostanete, nemus\u00edte m\u00edt starost, pro na\u0161e hosty je zaji\u0161t\u011bno kryt\u00e9 parkov\u00e1n\u00ed.                                                                                                                                                                                                                                                                                                                                                                                        4.1\/5 - (9 votes)        "},{"@context":"https:\/\/schema.org\/","@type":"BreadcrumbList","itemListElement":[{"@type":"ListItem","position":1,"name":"Kde oslavit jubileum?","item":"https:\/\/www.amal.cz\/kde-oslavit-jubileum\/#breadcrumbitem"}]}]