[{"@context":"https:\/\/schema.org\/","@type":"Article","@id":"https:\/\/www.amal.cz\/kde-bydli-vase-auto\/#Article","mainEntityOfPage":"https:\/\/www.amal.cz\/kde-bydli-vase-auto\/","headline":"Kde bydl\u00ed va\u0161e auto?","name":"Kde bydl\u00ed va\u0161e auto?","description":"Proj\u00ed\u017ed\u00edte se na kole n\u011bkdy o voln\u00e9m dni nebo o v\u00edkendu vilkovou \u010dtvrt\u00ed a \u0159\u00edk\u00e1te si: dob\u0159e v\u00e1m tak!, kdy\u017e vid\u00edte, jak obyvatel\u00e9 rodinn\u00fdch domk\u016f makaj\u00ed jak na dom\u011b, tak na zahrad\u011b, sekaj\u00ed tr\u00e1vu, nat\u00edraj\u00ed ploty apod. M\u00edt rodinn\u00fd domek, to se jeden mus\u00ed starat. Ve\u0161ker\u00e9 opravy si mus\u00edte zaji\u0161\u0165ovat sami, domovn\u00ed revize, vyt\u00e1p\u011bn\u00ed domu, [&hellip;]","datePublished":"2022-04-10","dateModified":"2023-12-11","author":{"@type":"Person","@id":"https:\/\/www.amal.cz\/author\/#Person","name":"","url":"https:\/\/www.amal.cz\/author\/","identifier":1,"image":{"@type":"ImageObject","@id":"https:\/\/secure.gravatar.com\/avatar\/4bf629230dc34158290ba5b10491f45b3bfbba94b88af3386c3da2fed730f430?s=96&d=mm&r=g","url":"https:\/\/secure.gravatar.com\/avatar\/4bf629230dc34158290ba5b10491f45b3bfbba94b88af3386c3da2fed730f430?s=96&d=mm&r=g","height":96,"width":96}},"publisher":{"@type":"Organization","name":"amal.cz","logo":{"@type":"ImageObject","@id":"\/logo.png","url":"\/logo.png","width":600,"height":60}},"image":{"@type":"ImageObject","@id":"https:\/\/www.amal.cz\/wp-content\/uploads\/garage-g176c4396e_640.jpg","url":"https:\/\/www.amal.cz\/wp-content\/uploads\/garage-g176c4396e_640.jpg","height":0,"width":0},"url":"https:\/\/www.amal.cz\/kde-bydli-vase-auto\/","about":["N\u00e1kupy"],"wordCount":422,"articleBody":"   Proj\u00ed\u017ed\u00edte se na kole n\u011bkdy o voln\u00e9m dni nebo o v\u00edkendu vilkovou \u010dtvrt\u00ed a \u0159\u00edk\u00e1te si: dob\u0159e v\u00e1m tak!, kdy\u017e vid\u00edte, jak obyvatel\u00e9 rodinn\u00fdch domk\u016f makaj\u00ed jak na dom\u011b, tak na zahrad\u011b, sekaj\u00ed tr\u00e1vu, nat\u00edraj\u00ed ploty apod. M\u00edt rodinn\u00fd domek, to se jeden mus\u00ed starat. Ve\u0161ker\u00e9 opravy si mus\u00edte zaji\u0161\u0165ovat sami, domovn\u00ed revize, vyt\u00e1p\u011bn\u00ed domu, to v\u0161echno jsou starosti, kter\u00e9 panelov\u00e9m dom\u011b nemus\u00edte \u0159e\u0161it. Jestli je n\u011bco, co z\u00e1vid\u00edm majitel\u016fm rodinn\u00fdch domk\u016f, tak je to gar\u00e1\u017e. Na s\u00eddli\u0161ti je vlastn\u00ed gar\u00e1\u017e absolutn\u00edm luxusem, tak\u017ee pokud se v\u00e1m v\u016fbec ve m\u011bst\u011b poda\u0159\u00ed gar\u00e1\u017e sehnat, tak to m\u016f\u017ee b\u00fdt na druh\u00e9m konci m\u011bsta, tak\u017ee se ke gar\u00e1\u017ei p\u011bkn\u011b projdete a cel\u00fd smysl gar\u00e1\u017ee se tak trochu vytr\u00e1c\u00ed. Ale aspo\u0148 m\u00e1te kde uschov\u00e1vat zimn\u00ed a letn\u00ed pneumatiky.Jezdit v zim\u011b autem r\u00e1no do pr\u00e1ce, to znamen\u00e1, \u017ee mus\u00edte vst\u00e1t minim\u00e1ln\u011b patn\u00e1ct minut d\u0159\u00edve, proto\u017ee p\u0159es noc napadlo 15 cm sn\u011bhu a nejspodn\u011bj\u0161\u00ed vrstva pochopiteln\u011b p\u0159imrzla na skle. Tak\u017ee odhazujete, o\u0161krab\u00e1v\u00e1te a \u2026 a nad\u00e1v\u00e1te, \u017ee pot\u0159ebujete nutn\u011b gar\u00e1\u017e nebo aspo\u0148 gar\u00e1\u017eov\u00e9 st\u00e1n\u00ed a pro\u010d jste ve\u010der aspo\u0148 nenat\u00e1hli kryc\u00ed f\u00f3lii. Jak se \u0159\u00edk\u00e1, pozd\u011b bycha honit. M\u00edt gar\u00e1\u017e nebo alespo\u0148 gar\u00e1\u017eov\u00e9 st\u00e1n\u00ed, to pat\u0159\u00ed k rodinn\u00e9mu domku, i kdybyste nem\u011bli auto. Pokud nem\u00e1te dostate\u010dn\u011b velk\u00fd pozemek, abyste postavili samostatnou gar\u00e1\u017e, v\u017edy se d\u00e1 postavit gar\u00e1\u017eov\u00e9 st\u00e1n\u00ed p\u0159\u00edmo u domu. Pokud pot\u0159ebujete poradit, sta\u010d\u00ed kouknout na gar\u00e1\u017eov\u00e9 st\u00e1n\u00ed Pergoly-Trutnov. Postavili jste rodinn\u00fd domek a nyn\u00ed \u0159e\u0161\u00edte, kde parkovat va\u0161e auto? Nebo m\u00e1te dv\u011b auta a jen jednu gar\u00e1\u017e? Dop\u0159ejte si gar\u00e1\u017eov\u00e9 st\u00e1n\u00ed \u010dili jen p\u0159\u00edst\u0159e\u0161ek, kter\u00fd ocen\u00edte hlavn\u011b v zim\u011b. P\u0159ijdete k autu, nastartujete a jedete. \u017d\u00e1dn\u00e9 odmet\u00e1n\u00ed sn\u011bhu, \u0161kr\u00e1b\u00e1n\u00ed skel, \u017e\u00e1dn\u00e9 d\u0159\u00edv\u011bj\u0161\u00ed vst\u00e1v\u00e1n\u00ed. A v parn\u00e9m l\u00e9t\u011b v\u00e1m auto taky bude vd\u011b\u010dn\u00e9 za p\u0159\u00edst\u0159e\u0161ek, proto\u017ee nebude muset st\u00e1t na \u017ehnouc\u00edm slunci. A nem\u011bli bychom vynechat ani pt\u00e1ky a jejich trus, kter\u00fd pod p\u0159\u00edst\u0159e\u0161kem tak\u00e9 nebudete muset \u0159e\u0161it.                                                                                                                                                                                                                                                                                                                                                                                          3.8\/5 - (5 votes)        "},{"@context":"https:\/\/schema.org\/","@type":"BreadcrumbList","itemListElement":[{"@type":"ListItem","position":1,"name":"Kde bydl\u00ed va\u0161e auto?","item":"https:\/\/www.amal.cz\/kde-bydli-vase-auto\/#breadcrumbitem"}]}]