[{"@context":"https:\/\/schema.org\/","@type":"Article","@id":"https:\/\/www.amal.cz\/je-libo-skrin-kuchyn-nebo-knihovnu\/#Article","mainEntityOfPage":"https:\/\/www.amal.cz\/je-libo-skrin-kuchyn-nebo-knihovnu\/","headline":"Je libo sk\u0159\u00ed\u0148, kuchy\u0148 nebo knihovnu?","name":"Je libo sk\u0159\u00ed\u0148, kuchy\u0148 nebo knihovnu?","description":"Ve v\u00fdrob\u011b vestav\u011bn\u00e9ho n\u00e1bytku nejsme \u017e\u00e1dn\u00ed za\u010d\u00e1te\u010dn\u00edci. Jsme firma s dvacetiletou prax\u00ed ve v\u00fdrob\u011b n\u00e1bytku na m\u00edru a bohat\u00fdmi zku\u0161enostmi. M\u00e1me vynikaj\u00edc\u00ed reference d\u00edky nim\u017e se k n\u00e1m z\u00e1kazn\u00edci r\u00e1di vrac\u00ed a doporu\u010duj\u00ed n\u00e1s sv\u00fdm zn\u00e1m\u00fdm, rodin\u00e1m i p\u0159\u00e1tel\u016fm, na co\u017e jsme pat\u0159i\u010dn\u011b hrd\u00ed. Vestav\u011bn\u00fd n\u00e1bytek na m\u00edru se mezi lidmi t\u011b\u0161\u00ed \u010d\u00edm d\u00e1l v\u011bt\u0161\u00ed [&hellip;]","datePublished":"2019-08-09","dateModified":"2023-04-30","author":{"@type":"Person","@id":"https:\/\/www.amal.cz\/author\/#Person","name":"","url":"https:\/\/www.amal.cz\/author\/","identifier":1,"image":{"@type":"ImageObject","@id":"https:\/\/secure.gravatar.com\/avatar\/4bf629230dc34158290ba5b10491f45b3bfbba94b88af3386c3da2fed730f430?s=96&d=mm&r=g","url":"https:\/\/secure.gravatar.com\/avatar\/4bf629230dc34158290ba5b10491f45b3bfbba94b88af3386c3da2fed730f430?s=96&d=mm&r=g","height":96,"width":96}},"publisher":{"@type":"Organization","name":"amal.cz","logo":{"@type":"ImageObject","@id":"\/logo.png","url":"\/logo.png","width":600,"height":60}},"image":{"@type":"ImageObject","@id":"https:\/\/www.amal.cz\/wp-content\/uploads\/img_a363647_w1946_t1576398686.jpg","url":"https:\/\/www.amal.cz\/wp-content\/uploads\/img_a363647_w1946_t1576398686.jpg","height":0,"width":0},"url":"https:\/\/www.amal.cz\/je-libo-skrin-kuchyn-nebo-knihovnu\/","about":["Internet"],"wordCount":440,"articleBody":"       Ve v\u00fdrob\u011b vestav\u011bn\u00e9ho n\u00e1bytku nejsme \u017e\u00e1dn\u00ed za\u010d\u00e1te\u010dn\u00edci. Jsme firma s dvacetiletou prax\u00ed ve v\u00fdrob\u011b n\u00e1bytku na m\u00edru a bohat\u00fdmi zku\u0161enostmi. M\u00e1me vynikaj\u00edc\u00ed reference d\u00edky nim\u017e se k n\u00e1m z\u00e1kazn\u00edci r\u00e1di vrac\u00ed a doporu\u010duj\u00ed n\u00e1s sv\u00fdm zn\u00e1m\u00fdm, rodin\u00e1m i p\u0159\u00e1tel\u016fm, na co\u017e jsme pat\u0159i\u010dn\u011b hrd\u00ed.   Vestav\u011bn\u00fd n\u00e1bytek na m\u00edru se mezi lidmi t\u011b\u0161\u00ed \u010d\u00edm d\u00e1l v\u011bt\u0161\u00ed oblib\u011b, ne\u017e tomu bylo v minulosti. Je prakti\u010dt\u011bj\u0161\u00ed a efektivn\u011bj\u0161\u00ed ne\u017e ten oby\u010dejn\u00fd a dok\u00e1\u017ee maxim\u00e1ln\u011b vyu\u017e\u00edt voln\u00fd prostor. Nav\u00edc skv\u011ble zapad\u00e1 do interi\u00e9ru a v neposledn\u00ed \u0159ad\u011b vypad\u00e1 velice elegantn\u011b.   P\u0159i na\u0161\u00ed pr\u00e1ci pou\u017e\u00edv\u00e1me jen ty nejkvalitn\u011bj\u0161\u00ed a prov\u011b\u0159en\u00e9 materi\u00e1ly od p\u0159edn\u00edch \u010desk\u00fdch i zahrani\u010dn\u00edch dodavatel\u016f, na \u010dem\u017e si velice zakl\u00e1d\u00e1me, proto\u017ee jedin\u011b tak V\u00e1m m\u016f\u017ee n\u00e1bytek vydr\u017eet a d\u011blat radost co nejdel\u0161\u00ed dobu. A to v\u0161e za velice p\u0159ijateln\u00e9 a bezkonkuren\u010dn\u00ed ceny! Zdarma V\u00e1m vytvo\u0159\u00edme 3D n\u00e1vrh sk\u0159\u00edn\u011b \u010di kuchy\u0148sk\u00e9 linky. Mont\u00e1\u017e n\u00e1bytku prov\u00e1d\u011bj\u00ed v\u00fdhradn\u011b zku\u0161en\u00ed mont\u00e1\u017en\u00edci, za nimi\u017e stoj\u00ed dlouholet\u00e1 praxe.   Sna\u017e\u00edme se co nejv\u00edce p\u0159ibl\u00ed\u017eit pot\u0159eb\u00e1m a o\u010dek\u00e1v\u00e1n\u00edm z\u00e1kazn\u00edka, individu\u00e1ln\u00ed p\u0159\u00edstup je samoz\u0159ejmost\u00ed. Jsme si v\u011bdomi, \u017ee ne ka\u017ed\u00fd z\u00e1kazn\u00edk m\u00e1 zku\u0161enosti s n\u00e1bytkem na m\u00edru, proto jsme p\u0159ipraveni V\u00e1m v\u0161e trp\u011bliv\u011b vysv\u011btlit a maxim\u00e1ln\u011b vyj\u00edt vst\u0159\u00edc ve\u0161ker\u00fdm po\u017eadavk\u016fm. Pokud si nejste jisti svou p\u0159edstavou, m\u016f\u017eete vyu\u017e\u00edt slu\u017eeb na\u0161eho bytov\u00e9ho architekta, kter\u00fd je odborn\u00edkem pro bytov\u00fd design a poskytne V\u00e1m profesion\u00e1ln\u00ed poradenstv\u00ed.   Pro lep\u0161\u00ed p\u0159edstavu o na\u0161\u00ed pr\u00e1ci se m\u016f\u017eete inspirovat na na\u0161ich webov\u00fdch str\u00e1nk\u00e1ch, kde naleznete nejen spoustu u\u017eite\u010dn\u00fdch rad, n\u00e1pad\u016f, doporu\u010den\u00ed, ale i fotografie kter\u00e9 V\u00e1s mohou zaujmout p\u0159i v\u00fdb\u011bru n\u00e1bytku pro V\u00e1s. V p\u0159\u00edpad\u011b z\u00e1jmu n\u00e1s kontaktujte telefonicky nebo se zastavte osobn\u011b v na\u0161\u00ed vzorkov\u00e9 prodejn\u011b, kde se V\u00e1m budeme r\u00e1di a maxim\u00e1ln\u011b v\u011bnovat. Dejte sv\u00e9mu obydl\u00ed novou faz\u00f3nu! R\u00e1di V\u00e1m v tom pom\u016f\u017eeme. T\u011b\u0161\u00edme se na Va\u0161i n\u00e1v\u0161t\u011bvu!                                                                                                                                                                                                                                                                                                                                                                                           3.9\/5 - (8 votes)        "},{"@context":"https:\/\/schema.org\/","@type":"BreadcrumbList","itemListElement":[{"@type":"ListItem","position":1,"name":"Je libo sk\u0159\u00ed\u0148, kuchy\u0148 nebo knihovnu?","item":"https:\/\/www.amal.cz\/je-libo-skrin-kuchyn-nebo-knihovnu\/#breadcrumbitem"}]}]