[{"@context":"https:\/\/schema.org\/","@type":"Article","@id":"https:\/\/www.amal.cz\/jak-na-foceni-deti\/#Article","mainEntityOfPage":"https:\/\/www.amal.cz\/jak-na-foceni-deti\/","headline":"Jak na focen\u00ed d\u011bt\u00ed?","name":"Jak na focen\u00ed d\u011bt\u00ed?","description":"\u00a0Mo\u017enost\u00ed zachytit neopakovateln\u00e9 okam\u017eiky z\u00a0prvn\u00edch let \u017eivota Va\u0161\u00ed ratolesti je dneska v\u00edce ne\u017e m\u011bli rodi\u010de p\u0159ed 15 lety, kdy nap\u0159\u00edklad nebyl fotoapar\u00e1t sou\u010d\u00e1st\u00ed mobiln\u00edho telefonu, kter\u00fd nicm\u00e9n\u011b v\u00a0tuto dobu m\u011bli jen nejv\u011bt\u0161\u00ed \u0161\u0165astlivci, kte\u0159\u00ed ho obvykle pot\u0159ebovali k\u00a0pracovn\u00edm \u00fa\u010del\u016fm. Dnes je mo\u017enost fotit na r\u016fzn\u00e9 druhy fotoapar\u00e1t\u016f, kter\u00e9 se li\u0161\u00ed cenou i funkcemi, na zm\u00edn\u011bn\u00e9 [&hellip;]","datePublished":"2016-09-27","dateModified":"2023-04-30","author":{"@type":"Person","@id":"https:\/\/www.amal.cz\/author\/#Person","name":"","url":"https:\/\/www.amal.cz\/author\/","identifier":1,"image":{"@type":"ImageObject","@id":"https:\/\/secure.gravatar.com\/avatar\/4bf629230dc34158290ba5b10491f45b3bfbba94b88af3386c3da2fed730f430?s=96&d=mm&r=g","url":"https:\/\/secure.gravatar.com\/avatar\/4bf629230dc34158290ba5b10491f45b3bfbba94b88af3386c3da2fed730f430?s=96&d=mm&r=g","height":96,"width":96}},"publisher":{"@type":"Organization","name":"amal.cz","logo":{"@type":"ImageObject","@id":"\/logo.png","url":"\/logo.png","width":600,"height":60}},"image":{"@type":"ImageObject","@id":"https:\/\/www.amal.cz\/wp-content\/uploads\/img_a277440_w1751_t1601796058.jpg","url":"https:\/\/www.amal.cz\/wp-content\/uploads\/img_a277440_w1751_t1601796058.jpg","height":0,"width":0},"url":"https:\/\/www.amal.cz\/jak-na-foceni-deti\/","wordCount":512,"articleBody":"\u00a0Mo\u017enost\u00ed zachytit neopakovateln\u00e9 okam\u017eiky z\u00a0prvn\u00edch let \u017eivota Va\u0161\u00ed ratolesti je dneska v\u00edce ne\u017e m\u011bli rodi\u010de p\u0159ed 15 lety, kdy nap\u0159\u00edklad nebyl fotoapar\u00e1t sou\u010d\u00e1st\u00ed mobiln\u00edho telefonu, kter\u00fd nicm\u00e9n\u011b v\u00a0tuto dobu m\u011bli jen nejv\u011bt\u0161\u00ed \u0161\u0165astlivci, kte\u0159\u00ed ho obvykle pot\u0159ebovali k\u00a0pracovn\u00edm \u00fa\u010del\u016fm. Dnes je mo\u017enost fotit na r\u016fzn\u00e9 druhy fotoapar\u00e1t\u016f, kter\u00e9 se li\u0161\u00ed cenou i funkcemi, na zm\u00edn\u011bn\u00e9 telefony \u010di nap\u0159\u00edklad i na tablet.\tJak na dobr\u00e9 fotky1.\u00a0\u00a0\u00a0\u00a0\u00a0\u00a0 Co je nejvhodn\u011bj\u0161\u00ed na focen\u00ed?\u00a0V\u00a0ka\u017ed\u00e9m p\u0159\u00edpad\u011b z\u00e1le\u017e\u00ed na Va\u0161em um\u011bn\u00ed fotit, nikoli na tom, \u010d\u00edm fot\u00edte \u2013 pamatujte si, \u017ee dobrou fotografii m\u016f\u017eete ud\u011blat i mobiln\u00edm telefonem! Z\u00e1le\u017e\u00ed na v\u00edce parametrech, jako co konkr\u00e9tn\u011b chcete u d\u011bt\u00ed fotit (portr\u00e9ty, sportovn\u00ed aktivity\u2026) i na Va\u0161ich finan\u010dn\u00edch mo\u017enostech.Zrcadlovka m\u00e1 sice sama o sob\u011b nejkvalitn\u011bj\u0161\u00ed sn\u00edmky, ale je t\u011b\u017ek\u00e1 a neskladn\u00e1, nav\u00edc pokud neum\u00edte vyu\u017e\u00edt jej\u00ed funkce a koup\u00edte si nejlevn\u011bj\u0161\u00ed model se setov\u00fdm objektivem, nevyplat\u00ed se V\u00e1m. Nejide\u00e1ln\u011bj\u0161\u00ed pro \u0161ikovn\u011bj\u0161\u00edho rodi\u010de je kompakt s\u00a0v\u00fdm\u011bnn\u00fdm objektivem, kter\u00fd kloub\u00ed klady (bohu\u017eel i z\u00e1pory) zrcadlovek a kompakt\u016f. Pokud v\u0161ak nejste \u017e\u00e1dn\u00fd nad\u0161enec fotoapar\u00e1t\u016f, posta\u010d\u00ed V\u00e1m lep\u0161\u00ed kompakt.2.\u00a0\u00a0\u00a0\u00a0\u00a0\u00a0 P\u0159izp\u016fsobte se jejich v\u011bku\u00a0Jinak se V\u00e1m bude fotit miminko a jinak p\u011btilet\u00e9 \u017eiv\u00e9 d\u00edt\u011b \u2013 i tomu byste v\u0161ak m\u011bli p\u0159izp\u016fsobit focen\u00ed, proto\u017ee ka\u017ed\u00fd v\u011bk m\u00e1 sv\u00e9 kouzlo, kter\u00e9 fotografie cht\u011b necht\u011b v\u00a0sob\u011b nese.\u00a0Miminka je nejlep\u0161\u00ed fotit v\u00a0interi\u00e9ru, spousta kr\u00e1sn\u00fdch fotek m\u016f\u017ee vzniknout s\u00a0maminkou \u010di n\u011bk\u00fdm jin\u00fdm z\u00a0p\u0159\u00edbuzenstva. U star\u0161\u00edch d\u011bt\u00ed naopak vyu\u017eijte jejich aktivity a nebojte se je vz\u00edt i ven, kde objevuj\u00ed kouzla ka\u017edodenn\u00edho sv\u011bta \u2013 takov\u00e9 fotky b\u00fdvaj\u00ed obvykle moc poveden\u00e9.3.\u00a0\u00a0\u00a0\u00a0\u00a0\u00a0 Jak s\u00a0d\u011btmi p\u0159i focen\u00ed pracovat?\u00a0Pokud se jedn\u00e1 o b\u011b\u017enou \u201cdokument\u00e1rn\u00ed\u201c fotografii z\u00a0b\u011b\u017en\u00fdch d\u011btsk\u00fdch dn\u00ed, tak je recept jednoduch\u00fd \u2013 nechte d\u011bti b\u00fdt, aby byly p\u0159irozen\u00e9 a zachy\u0165te kouzlo v\u0161edn\u00edho dne. Jestli\u017ee m\u00e1te v\u00a0pl\u00e1nu fotit strojen\u011bj\u0161\u00ed fotografie, tak d\u011bti (nenucen\u011b) sm\u011b\u0159ujte, aby k\u00a0V\u00e1m byly \u010delem. Zvl\u00e1\u0161tn\u00ed n\u00e1dech m\u016f\u017ee fotka z\u00edskat i z\u00a0r\u016fzn\u00fdch \u00fahl\u016f \u2013 pokud d\u00edt\u011b budete fotit seshora, zespoda \u010di v\u00a0\u00farovn\u00ed o\u010d\u00ed d\u00edt\u011bte.\u00a0Pamatujte si, \u017ee d\u011bti b\u00fdvaj\u00ed lep\u0161\u00edmi \u201cmodely\u201c ne\u017e dosp\u011bl\u00ed, proto p\u0159\u00edli\u0161n\u00e1 snaha s\u00a0d\u011btmi v\u00a0pr\u016fb\u011bhu focen\u00ed n\u011bjak manipulovat m\u016f\u017ee b\u00fdt sp\u00ed\u0161e na \u0161kodu. Vyu\u017eijte jejich \u010distoty, p\u0159irozenosti a Va\u0161eho um\u011bleck\u00e9ho citu a vzniknou zcela jedine\u010dn\u00e9 fotografie, na kter\u00e9 se nezapom\u00edn\u00e1 ani za p\u00e1r let.                                                                                                                                                                                                                                                                                                                                                                                        4.6\/5 - (7 votes)        "},{"@context":"https:\/\/schema.org\/","@type":"BreadcrumbList","itemListElement":[{"@type":"ListItem","position":1,"name":"Jak na focen\u00ed d\u011bt\u00ed?","item":"https:\/\/www.amal.cz\/jak-na-foceni-deti\/#breadcrumbitem"}]}]