[{"@context":"https:\/\/schema.org\/","@type":"Article","@id":"https:\/\/www.amal.cz\/dovolena-u-more\/#Article","mainEntityOfPage":"https:\/\/www.amal.cz\/dovolena-u-more\/","headline":"Dovolen\u00e1 u mo\u0159e","name":"Dovolen\u00e1 u mo\u0159e","description":"Jedete letos dneska n\u011bkam na dovolenou? J\u00e1 ano. J\u00e1 si toti\u017e nedok\u00e1\u017eu p\u0159edstavit, \u017ee bych byla jeden rok bez dovolen\u00e9. A v\u011b\u0159te mi nebo ne, ale j\u00e1 se cel\u00fd pracovn\u00ed rok t\u011b\u0161\u00edm na to, a\u017e si sbal\u00edm kufry a n\u011bkam vypadnu. Nejrad\u011bji vypadnu v\u017edycky tam, kde je velk\u00e9 teplo a kde nemus\u00edm nic d\u011blat. Tak\u017ee [&hellip;]","datePublished":"2022-04-29","dateModified":"2023-04-30","author":{"@type":"Person","@id":"https:\/\/www.amal.cz\/author\/#Person","name":"","url":"https:\/\/www.amal.cz\/author\/","identifier":1,"image":{"@type":"ImageObject","@id":"https:\/\/secure.gravatar.com\/avatar\/4bf629230dc34158290ba5b10491f45b3bfbba94b88af3386c3da2fed730f430?s=96&d=mm&r=g","url":"https:\/\/secure.gravatar.com\/avatar\/4bf629230dc34158290ba5b10491f45b3bfbba94b88af3386c3da2fed730f430?s=96&d=mm&r=g","height":96,"width":96}},"publisher":{"@type":"Organization","name":"amal.cz","logo":{"@type":"ImageObject","@id":"\/logo.png","url":"\/logo.png","width":600,"height":60}},"image":{"@type":"ImageObject","@id":"https:\/\/www.amal.cz\/wp-content\/uploads\/beach-1236581_640_3.jpg","url":"https:\/\/www.amal.cz\/wp-content\/uploads\/beach-1236581_640_3.jpg","height":0,"width":0},"url":"https:\/\/www.amal.cz\/dovolena-u-more\/","about":["Dovolen\u00e1"],"wordCount":455,"articleBody":"Jedete letos dneska n\u011bkam na dovolenou? J\u00e1 ano. J\u00e1 si toti\u017e nedok\u00e1\u017eu p\u0159edstavit, \u017ee bych byla jeden rok bez dovolen\u00e9. A v\u011b\u0159te mi nebo ne, ale j\u00e1 se cel\u00fd pracovn\u00ed rok t\u011b\u0161\u00edm na to, a\u017e si sbal\u00edm kufry a n\u011bkam vypadnu. Nejrad\u011bji vypadnu v\u017edycky tam, kde je velk\u00e9 teplo a kde nemus\u00edm nic d\u011blat. Tak\u017ee samoz\u0159ejm\u011b logicky je to n\u011bkde u mo\u0159e. Mo\u0159e m\u00e1m r\u00e1da a mo\u0159e zbo\u017e\u0148uji u\u017e od mali\u010dka. Taky si pamatuji svoji prvn\u00ed n\u00e1v\u0161t\u011bvu mo\u0159e. Bylo by asi \u0161est nebo sedm let. A jeli jsme tam s rodi\u010di. Jel s n\u00e1mi je\u0161t\u011b m\u016fj bratr a star\u0161\u00ed sestra. A mus\u00edm \u0159\u00edct, \u017ee jsme si to opravdu cel\u00e9 p\u011bkn\u011b u\u017eili. Taky mus\u00edm \u0159\u00edct, \u017ee na dovolen\u00e9 jsme se pro prvn\u011b lekli slan\u00e9 vody. Jenom my d\u011bti jsme se lekly, maminka s tat\u00ednkem u\u017e v\u011bd\u011bli d\u00e1vno, \u017ee mo\u0159e je slan\u00e9.Samoz\u0159ejm\u011b \u017ee jo, u\u017e tam byli mnohokr\u00e1t. Jenom\u017ee my d\u011bti jsem byly z toho tak paf, \u017ee jsme chv\u00edli bre\u010dely. Nedalo se ale nic d\u011blat a b\u011bhem chvilky u\u017e n\u00e1m to bylo jedno. B\u011bhem chvilky u\u017e jsme nebyly v mo\u0159i a koupaly jsme se a d\u011blaly jsme rachot a necht\u011bly jsme j\u00edt potom zp\u00e1tky na hotel. Moc se n\u00e1m tam l\u00edbilo. A j\u00e1 jsem si \u0159ekla, \u017ee tohle bude asi m\u016fj ritu\u00e1l. Taky, \u017ee byl. Bez dovolen\u00e9 prost\u011b nem\u016f\u017eu fungovat. M\u00e1m u\u017e mal\u00e9ho syna, kter\u00e9mu je \u0161est let. A u\u017e byl u mo\u0159e dvakr\u00e1t. A m\u016fj syn tak\u00e9 miluje dovolenou u mo\u0159e a tam, kde si m\u016f\u017ee odpo\u010dinout a kde si m\u016f\u017ee hlavn\u011b hr\u00e1t. A j\u00e1 jsem stra\u0161n\u011b r\u00e1da, \u017ee syn moc r\u00e1d v plave a m\u00e1 r\u00e1d vodu. Proto\u017ee sousedky syn nem\u00e1 v\u016fbec r\u00e1d vodu. Proto oni si v\u016fbec ani nem\u016f\u017eou dovolit si jet na dovolenou k mo\u0159i. Oni rad\u011bji jezd\u00ed n\u011bkam na hory anebo na n\u011bjak\u00e9 turistick\u00e9 v\u00fdlety. Proto\u017ee\u00a0co\u00a0by d\u011blali u mo\u0159e, kdy\u017e by se jejich jedin\u00fd syn b\u00e1l vod? J\u00e1 si ale stejn\u011b\u00a0mysl\u00edm, \u017ee jejich syn se boj\u00ed toho, \u017ee voda je slan\u00e1,\u00a0proto\u017ee\u00a0si taky pamatuji sebe, jak jsme byla v \u0161oku. Ale dostala jsem se\u00a0z\u00a0toho\u00a0a u\u017e bych mo\u0159e za nic na sv\u011bt\u011b nevym\u011bnila. Mo\u0159e je m\u016fj\u00a0relax.                                                                                                                                                                                                                                                                                                                                                                                        4.5\/5 - (6 votes)        "},{"@context":"https:\/\/schema.org\/","@type":"BreadcrumbList","itemListElement":[{"@type":"ListItem","position":1,"name":"Dovolen\u00e1 u mo\u0159e","item":"https:\/\/www.amal.cz\/dovolena-u-more\/#breadcrumbitem"}]}]