[{"@context":"https:\/\/schema.org\/","@type":"Article","@id":"https:\/\/www.amal.cz\/den-bez-mobilu\/#Article","mainEntityOfPage":"https:\/\/www.amal.cz\/den-bez-mobilu\/","headline":"Den bez mobilu","name":"Den bez mobilu","description":"Jednou jsme si s kamar\u00e1dkami \u0159\u00edkali, \u017ee to zkus\u00edme b\u00fdt jeden den bez mobiln\u00edho telefonu. Jenom\u017ee, kdy\u017e ub\u011bhla prvn\u00ed hodina, tak mn\u011b osobn\u011b u\u017e za\u010dal mobiln\u00ed telefon chyb\u011bt. Ani zu\u017e dokonce nev\u00edm, \u010d\u00ed to byl n\u00e1pad, \u017ee budeme n\u011bkolik dn\u00ed bez mobiln\u00edho telefonu. Abych pravdu \u0159ekla, tak \u0159\u00edkala jsem si, \u017ee mnoho kamar\u00e1dek asi bude [&hellip;]","datePublished":"2022-05-06","dateModified":"2023-04-30","author":{"@type":"Person","@id":"https:\/\/www.amal.cz\/author\/#Person","name":"","url":"https:\/\/www.amal.cz\/author\/","identifier":1,"image":{"@type":"ImageObject","@id":"https:\/\/secure.gravatar.com\/avatar\/4bf629230dc34158290ba5b10491f45b3bfbba94b88af3386c3da2fed730f430?s=96&d=mm&r=g","url":"https:\/\/secure.gravatar.com\/avatar\/4bf629230dc34158290ba5b10491f45b3bfbba94b88af3386c3da2fed730f430?s=96&d=mm&r=g","height":96,"width":96}},"publisher":{"@type":"Organization","name":"amal.cz","logo":{"@type":"ImageObject","@id":"\/logo.png","url":"\/logo.png","width":600,"height":60}},"image":{"@type":"ImageObject","@id":"https:\/\/www.amal.cz\/wp-content\/uploads\/phone-1830479_960_720_1.jpg","url":"https:\/\/www.amal.cz\/wp-content\/uploads\/phone-1830479_960_720_1.jpg","height":0,"width":0},"url":"https:\/\/www.amal.cz\/den-bez-mobilu\/","about":["Mobil"],"wordCount":393,"articleBody":"Jednou jsme si s kamar\u00e1dkami \u0159\u00edkali, \u017ee to zkus\u00edme b\u00fdt jeden den bez mobiln\u00edho telefonu. Jenom\u017ee, kdy\u017e ub\u011bhla prvn\u00ed hodina, tak mn\u011b osobn\u011b u\u017e za\u010dal mobiln\u00ed telefon chyb\u011bt. Ani zu\u017e dokonce nev\u00edm, \u010d\u00ed to byl n\u00e1pad, \u017ee budeme n\u011bkolik dn\u00ed bez mobiln\u00edho telefonu. Abych pravdu \u0159ekla, tak \u0159\u00edkala jsem si, \u017ee mnoho kamar\u00e1dek asi bude podv\u00e1d\u011bt. Necht\u011bla jsem si nechat p\u0159ipustit, \u017ee n\u011bkdo bude opravdu dlouho bez mobiln\u00edho telefonu. Tak jsem se zeptala moj\u00ed m\u00e1my, jestli by nemohla zavolat t\u0159eba moj\u00ed kamar\u00e1dce, aby ji t\u0159eba p\u0159ichytila p\u0159i tom, \u017ee m\u00e1 pr\u00e1v\u011b mobiln\u00ed telefon. Moje m\u00e1ma se za\u010dala sm\u00e1t a \u0159ekla mi, \u017ee a\u0165 nepodv\u00e1d\u00edm.A\u0165 se sna\u017e\u00edm. J\u00e1 sice podv\u00e1d\u011bt samoz\u0159ejm\u011b nechci, ale cht\u011bla jsem v\u011bd\u011bt, jestli t\u0159eba taky moje kamar\u00e1dky nepodv\u00e1d\u00ed. Tak jsem si \u0159ekla, \u017ee p\u0159eci m\u00e1me zak\u00e1zan\u00e9 ze srandy pouze jenom mobiln\u00ed telefon, tak\u017ee taky zkus\u00edm n\u011bjak\u00e9 kamar\u00e1dce napsat p\u0159es po\u010d\u00edta\u010d. A byla jsem opravdu velice p\u0159ekvapen\u00e1, kdy\u017e kamar\u00e1dka absolutn\u011b nem\u011bla v ruce mobiln\u00ed telefon. Kamar\u00e1dka mi na po\u010d\u00edta\u010di potom odepsala, \u017ee mobiln\u00ed telefon opravdu nem\u00e1. Tak\u017ee jsem byla na kamar\u00e1dku opravdu hodn\u011b py\u0161n\u00e1, \u017ee tuto hru s n\u00e1mi opravdu p\u011bkn\u011b dr\u017e\u00ed a nepodv\u00e1d\u00ed. Pak jsem je\u0161t\u011b napsala sv\u00e9 druh\u00e9 kamar\u00e1dce, kter\u00e1 tohle taky dodr\u017euje. Taky pr\u00fd v\u016fbec nem\u011bla cel\u00fd den v ruce mobiln\u00ed telefon. Tak jsme si \u0159ekly, \u017ee u\u017e to zbytek dne vydr\u017e\u00edme. Potom je\u0161t\u011b jeden den vydr\u017e\u00edme bez mobiln\u00edho telefonu a budeme m\u00edt spln\u011bno. Super hra, ne? \u0158ekly jsme si, \u017ee kdy\u017e tohle spln\u00edme, tak si potom zajdeme do cukr\u00e1rny a d\u00e1me si tam opravdu v\u0161echno na co budeme m\u00edt chu\u0165. Uvid\u00edm, jak to kamar\u00e1dky dodr\u017e\u00ed, jestli nebudou podv\u00e1d\u011bt. Ale i kdyby podv\u00e1d\u011bly, tak se potom tomu samoz\u0159ejm\u011b v\u0161ichni nakonec zasm\u011bjeme. Nev\u00edm, koho tohle p\u0159esn\u011b napadlo, ale je to opravdu sranda a velk\u00e1 z\u00e1bava. Mysl\u00edm si, \u017ee tohle by bavilo opravdu asi ka\u017ed\u00e9ho.\u00a0                                                                                                                                                                                                                                                                                                                                                                                        4.7\/5 - (9 votes)        "},{"@context":"https:\/\/schema.org\/","@type":"BreadcrumbList","itemListElement":[{"@type":"ListItem","position":1,"name":"Den bez mobilu","item":"https:\/\/www.amal.cz\/den-bez-mobilu\/#breadcrumbitem"}]}]