[{"@context":"https:\/\/schema.org\/","@type":"Article","@id":"https:\/\/www.amal.cz\/cim-se-ochladit\/#Article","mainEntityOfPage":"https:\/\/www.amal.cz\/cim-se-ochladit\/","headline":"\u010c\u00edm se ochladit?","name":"\u010c\u00edm se ochladit?","description":"Ochlazova\u010d vzduchu je jedn\u00edm z pomocn\u00edk\u016f, kte\u0159\u00ed pomohou udr\u017eet v pokoji\u00a0 p\u0159\u00edjemn\u00e9 klima i v hork\u00fdch dnech. Obzvl\u00e1\u0161t\u011b ty, kter\u00e9 jsou vybaveny funkc\u00ed 2 v 1. Tyto ventil\u00e1tory zaji\u0161\u0165uj\u00ed neust\u00e1l\u00e9 proud\u011bn\u00ed vzduchu. A t\u00edm i p\u0159\u00edjemn\u00e9 ochlazov\u00e1n\u00ed\u00a0t\u011bla. Integrovan\u00fd odpa\u0159ovac\u00edm povrchem se zvlh\u010duje vodou z desetilitrov\u00e9 n\u00e1dr\u017ee cel\u00fd prostor. A jakmile tudy projde vzdu\u0161n\u00fd proud, vodn\u00ed [&hellip;]","datePublished":"2024-07-18","dateModified":"2024-07-18","author":{"@type":"Person","@id":"https:\/\/www.amal.cz\/author\/#Person","name":"","url":"https:\/\/www.amal.cz\/author\/","identifier":1,"image":{"@type":"ImageObject","@id":"https:\/\/secure.gravatar.com\/avatar\/4bf629230dc34158290ba5b10491f45b3bfbba94b88af3386c3da2fed730f430?s=96&d=mm&r=g","url":"https:\/\/secure.gravatar.com\/avatar\/4bf629230dc34158290ba5b10491f45b3bfbba94b88af3386c3da2fed730f430?s=96&d=mm&r=g","height":96,"width":96}},"publisher":{"@type":"Organization","name":"amal.cz","logo":{"@type":"ImageObject","@id":"\/logo.png","url":"\/logo.png","width":600,"height":60}},"image":{"@type":"ImageObject","@id":"https:\/\/www.amal.cz\/wp-content\/uploads\/kitchen-728727_640_4.jpg","url":"https:\/\/www.amal.cz\/wp-content\/uploads\/kitchen-728727_640_4.jpg","height":0,"width":0},"url":"https:\/\/www.amal.cz\/cim-se-ochladit\/","about":["Technika"],"wordCount":449,"articleBody":"Ochlazova\u010d vzduchu je jedn\u00edm z pomocn\u00edk\u016f, kte\u0159\u00ed pomohou udr\u017eet v pokoji\u00a0 p\u0159\u00edjemn\u00e9 klima i v hork\u00fdch dnech. Obzvl\u00e1\u0161t\u011b ty, kter\u00e9 jsou vybaveny funkc\u00ed 2 v 1. Tyto ventil\u00e1tory zaji\u0161\u0165uj\u00ed neust\u00e1l\u00e9 proud\u011bn\u00ed vzduchu. A t\u00edm i p\u0159\u00edjemn\u00e9 ochlazov\u00e1n\u00ed\u00a0t\u011bla. Integrovan\u00fd odpa\u0159ovac\u00edm povrchem se zvlh\u010duje vodou z desetilitrov\u00e9 n\u00e1dr\u017ee cel\u00fd prostor. A jakmile tudy projde vzdu\u0161n\u00fd proud, vodn\u00ed film se odpa\u0159\u00ed. \u010c\u00edm\u017e je teplota v pokoji p\u0159\u00edjemn\u011b ochlazov\u00e1na. Rovn\u011b\u017e dva akumul\u00e1tory posiluj\u00ed udr\u017eovat pot\u0159ebn\u00e9. Automatickou\u00a0funkc\u00ed\u00a0k\u00fdv\u00e1n\u00ed vertik\u00e1ln\u00edch klapek je mo\u017en\u00e9 nasm\u011brovat chladiv\u00fd proud vzduchu p\u0159esn\u011b do m\u00edsta, ve kter\u00e9m se osoby v pokoji nach\u00e1zej\u00ed.P\u0159\u00edjemn\u00e9 ochlazen\u00ed b\u011bhem letn\u00edch m\u011bs\u00edc\u016f lze zjistit i koupac\u00edm sudem, ve kter\u00e9m se m\u016f\u017ee osv\u011b\u017eit najednou i v\u00edce \u010dlen\u016f rodiny. V sou\u010dasn\u00e9 dob\u011b jsou nav\u00edc mnohdy vybaveny hydromas\u00e1\u017en\u00edm syst\u00e9mem, kter\u00fdm je mo\u017en\u00e9 dop\u0159\u00e1t t\u011blu i pot\u0159ebnou relaxaci. Jeho velikost i s oblo\u017een\u00edm b\u00fdv\u00e1 v pr\u016fm\u011bru dvoumetrov\u00e1. \u010c\u00edm\u017e je zaru\u010deno, \u017ee lze um\u00edstit i na terasu. Ve vybaven\u00ed b\u00fdv\u00e1 i aeromas\u00e1\u017en\u00ed syst\u00e9m, kter\u00fdm lze nastavit\u00a0mas\u00e1\u017e unaven\u00fdm sval\u016fm. A led sv\u011btla, sch\u016fdky, termoizola\u010dn\u00ed poklop a p\u00e1dlo, na m\u00edch\u00e1n\u00ed vody. Dokoupit lze i filtra\u010dn\u00ed syst\u00e9m s d\u0159ev\u011bn\u00fdm krytem. Pro sportovce je na trhu i velk\u00e1 ledov\u00e1 vana. Kterou je mo\u017en\u00e9 um\u00edstit jak ve vnit\u0159n\u00edch, tak venkovn\u00edch prostor\u00e1ch. A b\u011bhem hork\u00fdch dn\u016f v n\u00ed najdou pot\u0159ebn\u00e9 zchlazen\u00ed. Nab\u00edzen\u00e1 je i nafukovac\u00ed podob\u011b, kterou je mo\u017en\u00e9 na zimn\u00ed m\u011bs\u00edce uskladnit do komory.\u00a0B\u011bhem hork\u00fdch dn\u016f je mo\u017en\u00e9 si ulevit i okam\u017eit\u011b. Ochlazovac\u00ed z\u00e1kr\u010dn\u00edk p\u0159in\u00e1\u0161\u00ed nesm\u00edrnou\u00a0\u00falevu. Je nenahraditeln\u00fdm pomocn\u00edkem pro v\u0161echny, kte\u0159\u00ed se pohybuj\u00ed v letn\u00edch m\u011bs\u00edc\u00edch v m\u00edstnostech, kter\u00e9 nejsou vybaveny klimatizac\u00ed. A\u0165 u\u017e na pracovi\u0161ti, dom\u00e1cnosti \u010di aut\u011b. Vyroben je ze speci\u00e1ln\u00edho materi\u00e1lu PCM, kter\u00fd na krku absorbuje teplo a f\u00e1zovou zm\u011bnou ho p\u0159em\u011bn\u00ed na tekutinu. \u010c\u00edm\u017e se poda\u0159\u00ed zv\u00fd\u0161it pr\u016ftok krve, kter\u00e1 p\u0159ed\u00e1v\u00e1 teplo. Jedin\u00e9, co k tomu je pot\u0159eba je mo\u017enost ho p\u0159ed nasazen\u00edm nechat dvacet minut\u00a0vychladit v ledni\u010dce. Nebo zv\u00fd\u0161it jeho \u00fa\u010dinnost v mrazni\u010dce. Ve kter\u00e9 ho sta\u010d\u00ed nechat p\u0159ibli\u017en\u011b p\u011bt minut.\u00a0\u00a0                                                                                                                                                                                                                                                                                                                                                                                        3.7\/5 - (9 votes)        "},{"@context":"https:\/\/schema.org\/","@type":"BreadcrumbList","itemListElement":[{"@type":"ListItem","position":1,"name":"\u010c\u00edm se ochladit?","item":"https:\/\/www.amal.cz\/cim-se-ochladit\/#breadcrumbitem"}]}]